{"id":1092,"date":"2020-06-29T07:39:22","date_gmt":"2020-06-29T05:39:22","guid":{"rendered":"http:\/\/schiri-boeblingen.de\/?p=1092"},"modified":"2020-06-30T15:54:57","modified_gmt":"2020-06-30T13:54:57","slug":"zwei-aufsteiger-am-rundende-2019-20","status":"publish","type":"post","link":"https:\/\/schiri-boeblingen.de\/?p=1092","title":{"rendered":"Zwei Aufsteiger am Rundende 2019\/20"},"content":{"rendered":"<p>Die Saison 2019\/2020 wurde wegen der Corona-Pandemie am 20.06.2020 mit Wirkung zum 30.06.2020 <a href=\"https:\/\/www.wuerttfv.de\/news\/saison-2019-20-wird-beendet\/\" target=\"_blank\" rel=\"noopener noreferrer\">beendet<\/a> und die Auswirkungen auf den Spielbetrieb beschlossen.<\/p>\n<p>Auch auf den Leistungsbereich im WFV hatte dieser Abbruch Folgen. Die Beobachtungs-Saison in der Verbandsliga und Landesliga wurde annulliert, in der Bezirksliga-Beobachtung wurden die Ergebnisse der Vorrunde \u00fcbernommen. Dennoch haben zwei Schiedsrichter aus der Gruppe B\u00f6blingen den Sprung in die n\u00e4chsth\u00f6here Klasse geschafft: <strong>Maximilian J\u00e4ger<\/strong> r\u00fcckt aus dem Coaching-Kader der Landesliga in die Verbandsliga auf. Herzlichen Gl\u00fcckwunsch Maxi zu dieser tollen Leistung und Gut Pfiff in der kommenden Saison!\u00a0Zudem stieg <strong>Manuel D\u00fcrr<\/strong>\u00a0als Beobachter in die Verbandsliga auf. Auch Dir Manuel unsere Gl\u00fcckw\u00fcnsche zu diesem Erfolg!<\/p>\n<p>Patrick Stephany verbleibt in der Landesliga, aus der Bezirksliga haben unsere vier Nachwuchs-Schiedsrichter den Sprung in die Landesliga nicht geschafft. Aber nehmt die Erfahrungen aus dieser (kurzen) Saison mit und greift in der neuen Saison wieder an!<\/p>\n<p>&nbsp;<\/p>\n","protected":false},"excerpt":{"rendered":"<p>Die Saison 2019\/2020 wurde wegen der Corona-Pandemie am 20.06.2020 mit Wirkung zum 30.06.2020 beendet und die Auswirkungen auf den Spielbetrieb beschlossen. Auch auf den Leistungsbereich im WFV hatte dieser Abbruch Folgen. Die Beobachtungs-Saison in der Verbandsliga und Landesliga wurde annulliert, &hellip; <a href=\"https:\/\/schiri-boeblingen.de\/?p=1092\">Weiterlesen <span class=\"meta-nav\">&rarr;<\/span><\/a><\/p>\n","protected":false},"author":2,"featured_media":0,"comment_status":"open","ping_status":"open","sticky":false,"template":"","format":"standard","meta":{"footnotes":""},"categories":[1],"tags":[],"class_list":["post-1092","post","type-post","status-publish","format-standard","hentry","category-allgemein"],"_links":{"self":[{"href":"https:\/\/schiri-boeblingen.de\/index.php?rest_route=\/wp\/v2\/posts\/1092","targetHints":{"allow":["GET"]}}],"collection":[{"href":"https:\/\/schiri-boeblingen.de\/index.php?rest_route=\/wp\/v2\/posts"}],"about":[{"href":"https:\/\/schiri-boeblingen.de\/index.php?rest_route=\/wp\/v2\/types\/post"}],"author":[{"embeddable":true,"href":"https:\/\/schiri-boeblingen.de\/index.php?rest_route=\/wp\/v2\/users\/2"}],"replies":[{"embeddable":true,"href":"https:\/\/schiri-boeblingen.de\/index.php?rest_route=%2Fwp%2Fv2%2Fcomments&post=1092"}],"version-history":[{"count":3,"href":"https:\/\/schiri-boeblingen.de\/index.php?rest_route=\/wp\/v2\/posts\/1092\/revisions"}],"predecessor-version":[{"id":1098,"href":"https:\/\/schiri-boeblingen.de\/index.php?rest_route=\/wp\/v2\/posts\/1092\/revisions\/1098"}],"wp:attachment":[{"href":"https:\/\/schiri-boeblingen.de\/index.php?rest_route=%2Fwp%2Fv2%2Fmedia&parent=1092"}],"wp:term":[{"taxonomy":"category","embeddable":true,"href":"https:\/\/schiri-boeblingen.de\/index.php?rest_route=%2Fwp%2Fv2%2Fcategories&post=1092"},{"taxonomy":"post_tag","embeddable":true,"href":"https:\/\/schiri-boeblingen.de\/index.php?rest_route=%2Fwp%2Fv2%2Ftags&post=1092"}],"curies":[{"name":"wp","href":"https:\/\/api.w.org\/{rel}","templated":true}]}}