{"id":1105,"date":"2020-07-10T16:04:48","date_gmt":"2020-07-10T14:04:48","guid":{"rendered":"http:\/\/schiri-boeblingen.de\/?p=1105"},"modified":"2020-07-16T08:08:01","modified_gmt":"2020-07-16T06:08:01","slug":"tobias-reichel-in-der-perspektivischen-foerderung","status":"publish","type":"post","link":"https:\/\/schiri-boeblingen.de\/?p=1105","title":{"rendered":"Tobias Reichel in der perspektivischen F\u00f6rderung"},"content":{"rendered":"<p>Schiedsrichter <strong>Tobias Reichel<\/strong> vom GSV Maichingen hat eine sehr erfolgreiche Saison in der 2. Bundesliga hinter sich. Highlights waren sicher die Derbys in der 3. Liga zwischen <a href=\"https:\/\/www.kicker.de\/4592286\/spielinfo\/waldhof-mannheim-22\/1-fc-kaiserslautern-37\" target=\"_blank\" rel=\"noopener noreferrer\">Waldhof Mannheim und dem 1.FC Kaiserslautern<\/a> sowie in der 2. Bundesliga zwischen dem <a href=\"https:\/\/www.kicker.de\/4589216\/spielinfo\/1-fc-nuernberg-81\/spvgg-greuther-fuerth-82\" target=\"_blank\" rel=\"noopener noreferrer\">1.FC N\u00fcrnberg und der SpVgg Greuther F\u00fcrth<\/a>.<\/p>\n<p>Aufgrund der sehr guten Leistungen in der Saison 2019\/20 hat Tobias den Sprung in die <a href=\"https:\/\/www.dfb.de\/news\/detail\/badstuebner-steigt-in-die-bundesliga-auf-217291\/\" target=\"_blank\" rel=\"noopener noreferrer\">perspektivische F\u00f6rderung<\/a>\u00a0geschafft und darf kommende Saison vereinzelt Spiele in der 1. Bundesliga leiten! Wir w\u00fcnschen Tobias seitens der SRG B\u00f6blingen alles Gute f\u00fcr die kommenden Spielleitungen und dr\u00fccken die Daumen, dass es in der Saison 2020\/21 mit dem Aufstieg klappt.<\/p>\n","protected":false},"excerpt":{"rendered":"<p>Schiedsrichter Tobias Reichel vom GSV Maichingen hat eine sehr erfolgreiche Saison in der 2. Bundesliga hinter sich. Highlights waren sicher die Derbys in der 3. Liga zwischen Waldhof Mannheim und dem 1.FC Kaiserslautern sowie in der 2. Bundesliga zwischen dem &hellip; <a href=\"https:\/\/schiri-boeblingen.de\/?p=1105\">Weiterlesen <span class=\"meta-nav\">&rarr;<\/span><\/a><\/p>\n","protected":false},"author":2,"featured_media":0,"comment_status":"open","ping_status":"open","sticky":false,"template":"","format":"standard","meta":{"footnotes":""},"categories":[1,11,10,3],"tags":[],"class_list":["post-1105","post","type-post","status-publish","format-standard","hentry","category-allgemein","category-gruppe","category-leistungskader","category-news"],"_links":{"self":[{"href":"https:\/\/schiri-boeblingen.de\/index.php?rest_route=\/wp\/v2\/posts\/1105","targetHints":{"allow":["GET"]}}],"collection":[{"href":"https:\/\/schiri-boeblingen.de\/index.php?rest_route=\/wp\/v2\/posts"}],"about":[{"href":"https:\/\/schiri-boeblingen.de\/index.php?rest_route=\/wp\/v2\/types\/post"}],"author":[{"embeddable":true,"href":"https:\/\/schiri-boeblingen.de\/index.php?rest_route=\/wp\/v2\/users\/2"}],"replies":[{"embeddable":true,"href":"https:\/\/schiri-boeblingen.de\/index.php?rest_route=%2Fwp%2Fv2%2Fcomments&post=1105"}],"version-history":[{"count":3,"href":"https:\/\/schiri-boeblingen.de\/index.php?rest_route=\/wp\/v2\/posts\/1105\/revisions"}],"predecessor-version":[{"id":1108,"href":"https:\/\/schiri-boeblingen.de\/index.php?rest_route=\/wp\/v2\/posts\/1105\/revisions\/1108"}],"wp:attachment":[{"href":"https:\/\/schiri-boeblingen.de\/index.php?rest_route=%2Fwp%2Fv2%2Fmedia&parent=1105"}],"wp:term":[{"taxonomy":"category","embeddable":true,"href":"https:\/\/schiri-boeblingen.de\/index.php?rest_route=%2Fwp%2Fv2%2Fcategories&post=1105"},{"taxonomy":"post_tag","embeddable":true,"href":"https:\/\/schiri-boeblingen.de\/index.php?rest_route=%2Fwp%2Fv2%2Ftags&post=1105"}],"curies":[{"name":"wp","href":"https:\/\/api.w.org\/{rel}","templated":true}]}}