{"id":1310,"date":"2021-05-10T11:00:00","date_gmt":"2021-05-10T09:00:00","guid":{"rendered":"http:\/\/schiri-boeblingen.de\/?p=1310"},"modified":"2021-06-04T11:53:05","modified_gmt":"2021-06-04T09:53:05","slug":"manuel-duerr-in-den-neuen-verbandsschiedsrichterausschuss-berufen","status":"publish","type":"post","link":"https:\/\/schiri-boeblingen.de\/?p=1310","title":{"rendered":"Manuel D\u00fcrr in den neuen Verbandsschiedsrichterausschuss berufen!"},"content":{"rendered":"\n<p><img loading=\"lazy\" decoding=\"async\" width=\"250\" height=\"333\" class=\"wp-image-194\" style=\"width: 250px;\" src=\"https:\/\/schiri-boeblingen.de\/wp-content\/uploads\/2017\/07\/Duerr_SA.jpg\" alt=\"\" srcset=\"https:\/\/schiri-boeblingen.de\/wp-content\/uploads\/2017\/07\/Duerr_SA.jpg 3998w, https:\/\/schiri-boeblingen.de\/wp-content\/uploads\/2017\/07\/Duerr_SA-225x300.jpg 225w, https:\/\/schiri-boeblingen.de\/wp-content\/uploads\/2017\/07\/Duerr_SA-768x1024.jpg 768w\" sizes=\"auto, (max-width: 250px) 100vw, 250px\" \/><\/p>\n\n\n\n<p>Mit der Wahl von Volker Stellmach<a href=\"https:\/\/www.instagram.com\/srg_schwaebisch_hall\/\"> <\/a>zum neuen Verbandsschiedsrichterobmann im WFV, gratulieren wir auch unserem Manuel D\u00fcrr zum neuen Amt im VSRA (auch <a href=\"https:\/\/www.wuerttfv.de\/news\/volker-stellmach-gewaehlt-ueberraschung-fuer-palilla-ebel-und-lehmann\/\">hier<\/a> nachzulesen). Er wird im neuen VSRA zust\u00e4ndig sein f\u00fcr das Beobachtungswesen in der Bezirksliga und in der Talenterkennung und -f\u00f6rderung (Nachwuchslehrg\u00e4nge). <\/p>\n\n\n\n<p>Manuel hat bereits im letzten Gruppenausschuss tatkr\u00e4ftig mitgewirkt, und auch im erweiterten VSRA als Lotse der Gruppe 3. Wir w\u00fcnschen dir, lieber Manuel, viel Spa\u00df und erfolgreiches Gelingen bei der neuen Aufgabe. Gratulieren aber auch Volker und dem restlichen Team zur Wahl und w\u00fcnschen uns eine weiterhin gute Zusammenarbeit zwischen der SRG und dem VSRA.&nbsp;<\/p>\n","protected":false},"excerpt":{"rendered":"<p>Mit der Wahl von Volker Stellmach zum neuen Verbandsschiedsrichterobmann im WFV, gratulieren wir auch unserem Manuel D\u00fcrr zum neuen Amt im VSRA (auch hier nachzulesen). Er wird im neuen VSRA zust\u00e4ndig sein f\u00fcr das Beobachtungswesen in der Bezirksliga und in &hellip; <a href=\"https:\/\/schiri-boeblingen.de\/?p=1310\">Weiterlesen <span class=\"meta-nav\">&rarr;<\/span><\/a><\/p>\n","protected":false},"author":2,"featured_media":0,"comment_status":"open","ping_status":"open","sticky":false,"template":"","format":"standard","meta":{"footnotes":""},"categories":[1,11,3],"tags":[],"class_list":["post-1310","post","type-post","status-publish","format-standard","hentry","category-allgemein","category-gruppe","category-news"],"_links":{"self":[{"href":"https:\/\/schiri-boeblingen.de\/index.php?rest_route=\/wp\/v2\/posts\/1310","targetHints":{"allow":["GET"]}}],"collection":[{"href":"https:\/\/schiri-boeblingen.de\/index.php?rest_route=\/wp\/v2\/posts"}],"about":[{"href":"https:\/\/schiri-boeblingen.de\/index.php?rest_route=\/wp\/v2\/types\/post"}],"author":[{"embeddable":true,"href":"https:\/\/schiri-boeblingen.de\/index.php?rest_route=\/wp\/v2\/users\/2"}],"replies":[{"embeddable":true,"href":"https:\/\/schiri-boeblingen.de\/index.php?rest_route=%2Fwp%2Fv2%2Fcomments&post=1310"}],"version-history":[{"count":5,"href":"https:\/\/schiri-boeblingen.de\/index.php?rest_route=\/wp\/v2\/posts\/1310\/revisions"}],"predecessor-version":[{"id":1317,"href":"https:\/\/schiri-boeblingen.de\/index.php?rest_route=\/wp\/v2\/posts\/1310\/revisions\/1317"}],"wp:attachment":[{"href":"https:\/\/schiri-boeblingen.de\/index.php?rest_route=%2Fwp%2Fv2%2Fmedia&parent=1310"}],"wp:term":[{"taxonomy":"category","embeddable":true,"href":"https:\/\/schiri-boeblingen.de\/index.php?rest_route=%2Fwp%2Fv2%2Fcategories&post=1310"},{"taxonomy":"post_tag","embeddable":true,"href":"https:\/\/schiri-boeblingen.de\/index.php?rest_route=%2Fwp%2Fv2%2Ftags&post=1310"}],"curies":[{"name":"wp","href":"https:\/\/api.w.org\/{rel}","templated":true}]}}