{"id":1427,"date":"2021-10-02T15:30:00","date_gmt":"2021-10-02T13:30:00","guid":{"rendered":"http:\/\/schiri-boeblingen.de\/?p=1427"},"modified":"2021-10-15T16:02:13","modified_gmt":"2021-10-15T14:02:13","slug":"grillfest-der-srg-mit-ehrungen","status":"publish","type":"post","link":"https:\/\/schiri-boeblingen.de\/?p=1427","title":{"rendered":"Grillfest der SRG mit Ehrungen"},"content":{"rendered":"\n<p>Am 1. Oktober hat die Schiedsrichtergruppe B\u00f6blingen zum Grillfest eingeladen. Trotz der kurzfristigen Einladung kamen an die 50 Schiedsrichter, um sich mal wieder pers\u00f6nlich zu sehen und auszutauschen. Bei k\u00fchlen Getr\u00e4nken und was zum Essen vom Grill wurde bis in die sp\u00e4ten Abendstunden diskutiert und gelacht &#8211; ein voller Erfolg!<\/p>\n\n\n\n<p>Es gab nat\u00fcrlich auch einiges nachzuholen, konnte doch seit dem M\u00e4rz 2020 keine Ehrung durchgef\u00fchrt werden. Das wurde unter den anwesenden Schiedsrichtern nun nachgeholt.<\/p>\n\n\n\n<p>Zu runden Geburtstagen wurde gratuliert: Konrad Buck (50), Roland Dommer (70), Hermann Grumbach (75), Mathias Sendersky (75), Anton Spis (75) und Stefan Stadler (85):<\/p>\n\n\n\n<figure class=\"wp-block-gallery columns-3 is-cropped wp-block-gallery-1 is-layout-flex wp-block-gallery-is-layout-flex\"><ul class=\"blocks-gallery-grid\"><li class=\"blocks-gallery-item\"><figure><a href=\"https:\/\/schiri-boeblingen.de\/wp-content\/uploads\/2021\/10\/2021-10-01_Ehrung_Geburtstag_Buck-scaled.jpeg\"><img loading=\"lazy\" decoding=\"async\" width=\"838\" height=\"1024\" src=\"https:\/\/schiri-boeblingen.de\/wp-content\/uploads\/2021\/10\/2021-10-01_Ehrung_Geburtstag_Buck-838x1024.jpeg\" alt=\"\" data-id=\"1421\" data-full-url=\"https:\/\/schiri-boeblingen.de\/wp-content\/uploads\/2021\/10\/2021-10-01_Ehrung_Geburtstag_Buck-scaled.jpeg\" data-link=\"https:\/\/schiri-boeblingen.de\/?attachment_id=1421\" class=\"wp-image-1421\" srcset=\"https:\/\/schiri-boeblingen.de\/wp-content\/uploads\/2021\/10\/2021-10-01_Ehrung_Geburtstag_Buck-838x1024.jpeg 838w, https:\/\/schiri-boeblingen.de\/wp-content\/uploads\/2021\/10\/2021-10-01_Ehrung_Geburtstag_Buck-246x300.jpeg 246w, https:\/\/schiri-boeblingen.de\/wp-content\/uploads\/2021\/10\/2021-10-01_Ehrung_Geburtstag_Buck-768x938.jpeg 768w, https:\/\/schiri-boeblingen.de\/wp-content\/uploads\/2021\/10\/2021-10-01_Ehrung_Geburtstag_Buck-1257x1536.jpeg 1257w, https:\/\/schiri-boeblingen.de\/wp-content\/uploads\/2021\/10\/2021-10-01_Ehrung_Geburtstag_Buck-1676x2048.jpeg 1676w\" sizes=\"auto, (max-width: 838px) 100vw, 838px\" \/><\/a><\/figure><\/li><li class=\"blocks-gallery-item\"><figure><a href=\"https:\/\/schiri-boeblingen.de\/wp-content\/uploads\/2021\/10\/2021-10-01_Ehrung_Geburtstag_Dommer-scaled.jpeg\"><img loading=\"lazy\" decoding=\"async\" width=\"793\" height=\"1024\" src=\"https:\/\/schiri-boeblingen.de\/wp-content\/uploads\/2021\/10\/2021-10-01_Ehrung_Geburtstag_Dommer-793x1024.jpeg\" alt=\"\" data-id=\"1422\" data-full-url=\"https:\/\/schiri-boeblingen.de\/wp-content\/uploads\/2021\/10\/2021-10-01_Ehrung_Geburtstag_Dommer-scaled.jpeg\" data-link=\"https:\/\/schiri-boeblingen.de\/?attachment_id=1422\" class=\"wp-image-1422\" srcset=\"https:\/\/schiri-boeblingen.de\/wp-content\/uploads\/2021\/10\/2021-10-01_Ehrung_Geburtstag_Dommer-793x1024.jpeg 793w, https:\/\/schiri-boeblingen.de\/wp-content\/uploads\/2021\/10\/2021-10-01_Ehrung_Geburtstag_Dommer-232x300.jpeg 232w, https:\/\/schiri-boeblingen.de\/wp-content\/uploads\/2021\/10\/2021-10-01_Ehrung_Geburtstag_Dommer-768x992.jpeg 768w, https:\/\/schiri-boeblingen.de\/wp-content\/uploads\/2021\/10\/2021-10-01_Ehrung_Geburtstag_Dommer-1189x1536.jpeg 1189w, https:\/\/schiri-boeblingen.de\/wp-content\/uploads\/2021\/10\/2021-10-01_Ehrung_Geburtstag_Dommer-1585x2048.jpeg 1585w, https:\/\/schiri-boeblingen.de\/wp-content\/uploads\/2021\/10\/2021-10-01_Ehrung_Geburtstag_Dommer-scaled.jpeg 1982w\" sizes=\"auto, (max-width: 793px) 100vw, 793px\" \/><\/a><\/figure><\/li><li class=\"blocks-gallery-item\"><figure><a href=\"https:\/\/schiri-boeblingen.de\/wp-content\/uploads\/2021\/10\/2021-10-01_Ehrung_Geburtstag_Grumbach-scaled.jpeg\"><img loading=\"lazy\" decoding=\"async\" width=\"774\" height=\"1024\" src=\"https:\/\/schiri-boeblingen.de\/wp-content\/uploads\/2021\/10\/2021-10-01_Ehrung_Geburtstag_Grumbach-774x1024.jpeg\" alt=\"\" data-id=\"1423\" data-full-url=\"https:\/\/schiri-boeblingen.de\/wp-content\/uploads\/2021\/10\/2021-10-01_Ehrung_Geburtstag_Grumbach-scaled.jpeg\" data-link=\"https:\/\/schiri-boeblingen.de\/?attachment_id=1423\" class=\"wp-image-1423\" srcset=\"https:\/\/schiri-boeblingen.de\/wp-content\/uploads\/2021\/10\/2021-10-01_Ehrung_Geburtstag_Grumbach-774x1024.jpeg 774w, https:\/\/schiri-boeblingen.de\/wp-content\/uploads\/2021\/10\/2021-10-01_Ehrung_Geburtstag_Grumbach-227x300.jpeg 227w, https:\/\/schiri-boeblingen.de\/wp-content\/uploads\/2021\/10\/2021-10-01_Ehrung_Geburtstag_Grumbach-768x1015.jpeg 768w, https:\/\/schiri-boeblingen.de\/wp-content\/uploads\/2021\/10\/2021-10-01_Ehrung_Geburtstag_Grumbach-1162x1536.jpeg 1162w, https:\/\/schiri-boeblingen.de\/wp-content\/uploads\/2021\/10\/2021-10-01_Ehrung_Geburtstag_Grumbach-1549x2048.jpeg 1549w, https:\/\/schiri-boeblingen.de\/wp-content\/uploads\/2021\/10\/2021-10-01_Ehrung_Geburtstag_Grumbach-scaled.jpeg 1936w\" sizes=\"auto, (max-width: 774px) 100vw, 774px\" \/><\/a><\/figure><\/li><li class=\"blocks-gallery-item\"><figure><a href=\"https:\/\/schiri-boeblingen.de\/wp-content\/uploads\/2021\/10\/2021-10-01_Ehrung_Geburtstag_Sendersky-scaled.jpeg\"><img loading=\"lazy\" decoding=\"async\" width=\"676\" height=\"1024\" src=\"https:\/\/schiri-boeblingen.de\/wp-content\/uploads\/2021\/10\/2021-10-01_Ehrung_Geburtstag_Sendersky-676x1024.jpeg\" alt=\"\" data-id=\"1424\" data-full-url=\"https:\/\/schiri-boeblingen.de\/wp-content\/uploads\/2021\/10\/2021-10-01_Ehrung_Geburtstag_Sendersky-scaled.jpeg\" data-link=\"https:\/\/schiri-boeblingen.de\/?attachment_id=1424\" class=\"wp-image-1424\" srcset=\"https:\/\/schiri-boeblingen.de\/wp-content\/uploads\/2021\/10\/2021-10-01_Ehrung_Geburtstag_Sendersky-676x1024.jpeg 676w, https:\/\/schiri-boeblingen.de\/wp-content\/uploads\/2021\/10\/2021-10-01_Ehrung_Geburtstag_Sendersky-198x300.jpeg 198w, https:\/\/schiri-boeblingen.de\/wp-content\/uploads\/2021\/10\/2021-10-01_Ehrung_Geburtstag_Sendersky-768x1163.jpeg 768w, https:\/\/schiri-boeblingen.de\/wp-content\/uploads\/2021\/10\/2021-10-01_Ehrung_Geburtstag_Sendersky-1015x1536.jpeg 1015w, https:\/\/schiri-boeblingen.de\/wp-content\/uploads\/2021\/10\/2021-10-01_Ehrung_Geburtstag_Sendersky-1353x2048.jpeg 1353w, https:\/\/schiri-boeblingen.de\/wp-content\/uploads\/2021\/10\/2021-10-01_Ehrung_Geburtstag_Sendersky-scaled.jpeg 1691w\" sizes=\"auto, (max-width: 676px) 100vw, 676px\" \/><\/a><\/figure><\/li><li class=\"blocks-gallery-item\"><figure><a href=\"https:\/\/schiri-boeblingen.de\/wp-content\/uploads\/2021\/10\/2021-10-01_Ehrung_Geburtstag_Stadler-scaled.jpeg\"><img loading=\"lazy\" decoding=\"async\" width=\"766\" height=\"1024\" src=\"https:\/\/schiri-boeblingen.de\/wp-content\/uploads\/2021\/10\/2021-10-01_Ehrung_Geburtstag_Stadler-766x1024.jpeg\" alt=\"\" data-id=\"1426\" data-full-url=\"https:\/\/schiri-boeblingen.de\/wp-content\/uploads\/2021\/10\/2021-10-01_Ehrung_Geburtstag_Stadler-scaled.jpeg\" data-link=\"https:\/\/schiri-boeblingen.de\/?attachment_id=1426\" class=\"wp-image-1426\" srcset=\"https:\/\/schiri-boeblingen.de\/wp-content\/uploads\/2021\/10\/2021-10-01_Ehrung_Geburtstag_Stadler-766x1024.jpeg 766w, https:\/\/schiri-boeblingen.de\/wp-content\/uploads\/2021\/10\/2021-10-01_Ehrung_Geburtstag_Stadler-224x300.jpeg 224w, https:\/\/schiri-boeblingen.de\/wp-content\/uploads\/2021\/10\/2021-10-01_Ehrung_Geburtstag_Stadler-768x1027.jpeg 768w, https:\/\/schiri-boeblingen.de\/wp-content\/uploads\/2021\/10\/2021-10-01_Ehrung_Geburtstag_Stadler-1149x1536.jpeg 1149w, https:\/\/schiri-boeblingen.de\/wp-content\/uploads\/2021\/10\/2021-10-01_Ehrung_Geburtstag_Stadler-1532x2048.jpeg 1532w, https:\/\/schiri-boeblingen.de\/wp-content\/uploads\/2021\/10\/2021-10-01_Ehrung_Geburtstag_Stadler-scaled.jpeg 1915w\" sizes=\"auto, (max-width: 766px) 100vw, 766px\" \/><\/a><\/figure><\/li><li class=\"blocks-gallery-item\"><figure><a href=\"https:\/\/schiri-boeblingen.de\/wp-content\/uploads\/2021\/10\/2021-10-01_Ehrung_Geburtstag_Spis-scaled.jpeg\"><img loading=\"lazy\" decoding=\"async\" width=\"673\" height=\"1024\" src=\"https:\/\/schiri-boeblingen.de\/wp-content\/uploads\/2021\/10\/2021-10-01_Ehrung_Geburtstag_Spis-673x1024.jpeg\" alt=\"\" data-id=\"1425\" data-full-url=\"https:\/\/schiri-boeblingen.de\/wp-content\/uploads\/2021\/10\/2021-10-01_Ehrung_Geburtstag_Spis-scaled.jpeg\" data-link=\"https:\/\/schiri-boeblingen.de\/?attachment_id=1425\" class=\"wp-image-1425\" srcset=\"https:\/\/schiri-boeblingen.de\/wp-content\/uploads\/2021\/10\/2021-10-01_Ehrung_Geburtstag_Spis-673x1024.jpeg 673w, https:\/\/schiri-boeblingen.de\/wp-content\/uploads\/2021\/10\/2021-10-01_Ehrung_Geburtstag_Spis-197x300.jpeg 197w, https:\/\/schiri-boeblingen.de\/wp-content\/uploads\/2021\/10\/2021-10-01_Ehrung_Geburtstag_Spis-768x1169.jpeg 768w, https:\/\/schiri-boeblingen.de\/wp-content\/uploads\/2021\/10\/2021-10-01_Ehrung_Geburtstag_Spis-1009x1536.jpeg 1009w, https:\/\/schiri-boeblingen.de\/wp-content\/uploads\/2021\/10\/2021-10-01_Ehrung_Geburtstag_Spis-1346x2048.jpeg 1346w, https:\/\/schiri-boeblingen.de\/wp-content\/uploads\/2021\/10\/2021-10-01_Ehrung_Geburtstag_Spis-scaled.jpeg 1682w\" sizes=\"auto, (max-width: 673px) 100vw, 673px\" \/><\/a><\/figure><\/li><\/ul><\/figure>\n\n\n\n<p>Zudem wurden einige Schiedsrichter f\u00fcr ihre langj\u00e4hrige Zugeh\u00f6rigkeit zur Gruppe B\u00f6blingen mit der bronzenen (5 Jahre), silbernen (10 Jahre) oder goldenen Ehrennadel (15 Jahre) geehrt; von links nach rechts: Obmann Achim Gack, Thomas Gaschna (Bronze), Robert Keser (Bronze), Eberhard Reichert (Gold), Michael J\u00f6rg (Gold), Joel Knolmar (Silber), Paul Reiss (Silber), Michael Rathgeb (Bronze).<\/p>\n\n\n\n<figure class=\"wp-block-image size-large\"><a href=\"https:\/\/schiri-boeblingen.de\/wp-content\/uploads\/2021\/10\/2021-10-01_Ehrungen_Gruppe-scaled.jpg\"><img loading=\"lazy\" decoding=\"async\" width=\"1024\" height=\"649\" src=\"https:\/\/schiri-boeblingen.de\/wp-content\/uploads\/2021\/10\/2021-10-01_Ehrungen_Gruppe-1024x649.jpg\" alt=\"\" class=\"wp-image-1418\" srcset=\"https:\/\/schiri-boeblingen.de\/wp-content\/uploads\/2021\/10\/2021-10-01_Ehrungen_Gruppe-1024x649.jpg 1024w, https:\/\/schiri-boeblingen.de\/wp-content\/uploads\/2021\/10\/2021-10-01_Ehrungen_Gruppe-300x190.jpg 300w, https:\/\/schiri-boeblingen.de\/wp-content\/uploads\/2021\/10\/2021-10-01_Ehrungen_Gruppe-768x487.jpg 768w, https:\/\/schiri-boeblingen.de\/wp-content\/uploads\/2021\/10\/2021-10-01_Ehrungen_Gruppe-1536x974.jpg 1536w, https:\/\/schiri-boeblingen.de\/wp-content\/uploads\/2021\/10\/2021-10-01_Ehrungen_Gruppe-2048x1298.jpg 2048w, https:\/\/schiri-boeblingen.de\/wp-content\/uploads\/2021\/10\/2021-10-01_Ehrungen_Gruppe-473x300.jpg 473w\" sizes=\"auto, (max-width: 1024px) 100vw, 1024px\" \/><\/a><\/figure>\n\n\n\n<p>Weitere Ehrungen gab es f\u00fcr die Anzahl geleiteter Spiele; von links nach rechts: Robert Keser (500), Uwe Schmidt (500), Roland Dommer (500), Maximilian J\u00e4ger (500), Horst Schulz (1000), Erhard Bauer (1000), Obmann Achim Gack.<\/p>\n\n\n\n<figure class=\"wp-block-image size-large\"><a href=\"https:\/\/schiri-boeblingen.de\/wp-content\/uploads\/2021\/10\/2021-10-01_Ehrungen_Spiele-scaled.jpg\"><img loading=\"lazy\" decoding=\"async\" width=\"1024\" height=\"644\" src=\"https:\/\/schiri-boeblingen.de\/wp-content\/uploads\/2021\/10\/2021-10-01_Ehrungen_Spiele-1024x644.jpg\" alt=\"\" class=\"wp-image-1419\" srcset=\"https:\/\/schiri-boeblingen.de\/wp-content\/uploads\/2021\/10\/2021-10-01_Ehrungen_Spiele-1024x644.jpg 1024w, https:\/\/schiri-boeblingen.de\/wp-content\/uploads\/2021\/10\/2021-10-01_Ehrungen_Spiele-300x189.jpg 300w, https:\/\/schiri-boeblingen.de\/wp-content\/uploads\/2021\/10\/2021-10-01_Ehrungen_Spiele-768x483.jpg 768w, https:\/\/schiri-boeblingen.de\/wp-content\/uploads\/2021\/10\/2021-10-01_Ehrungen_Spiele-1536x967.jpg 1536w, https:\/\/schiri-boeblingen.de\/wp-content\/uploads\/2021\/10\/2021-10-01_Ehrungen_Spiele-2048x1289.jpg 2048w, https:\/\/schiri-boeblingen.de\/wp-content\/uploads\/2021\/10\/2021-10-01_Ehrungen_Spiele-477x300.jpg 477w\" sizes=\"auto, (max-width: 1024px) 100vw, 1024px\" \/><\/a><\/figure>\n\n\n\n<p>Auch die WFV-Ehrungen wurden durchgef\u00fchrt f\u00fcr 15 Jahre (bronzene Ehrennadel), 20 Jahre (silberne Ehrennadel) und 25 Jahre (goldene Ehrennadel) Schiedsrichter-T\u00e4tigkeit; von links nach rechts: Norbert Fleischer (Gold), Manuel D\u00fcrr (Silber), Eberhard Reichert (Bronze), Benjamin Kern (Gold), Horst Schulz (Gold), Michael J\u00f6rg (Bronze), Obmann Achim Gack<\/p>\n\n\n\n<figure class=\"wp-block-image size-large\"><a href=\"https:\/\/schiri-boeblingen.de\/wp-content\/uploads\/2021\/10\/2021-10-01_Ehrungen_WFV-scaled.jpg\"><img loading=\"lazy\" decoding=\"async\" width=\"1024\" height=\"658\" src=\"https:\/\/schiri-boeblingen.de\/wp-content\/uploads\/2021\/10\/2021-10-01_Ehrungen_WFV-1024x658.jpg\" alt=\"\" class=\"wp-image-1420\" srcset=\"https:\/\/schiri-boeblingen.de\/wp-content\/uploads\/2021\/10\/2021-10-01_Ehrungen_WFV-1024x658.jpg 1024w, https:\/\/schiri-boeblingen.de\/wp-content\/uploads\/2021\/10\/2021-10-01_Ehrungen_WFV-300x193.jpg 300w, https:\/\/schiri-boeblingen.de\/wp-content\/uploads\/2021\/10\/2021-10-01_Ehrungen_WFV-768x494.jpg 768w, https:\/\/schiri-boeblingen.de\/wp-content\/uploads\/2021\/10\/2021-10-01_Ehrungen_WFV-1536x987.jpg 1536w, https:\/\/schiri-boeblingen.de\/wp-content\/uploads\/2021\/10\/2021-10-01_Ehrungen_WFV-2048x1317.jpg 2048w, https:\/\/schiri-boeblingen.de\/wp-content\/uploads\/2021\/10\/2021-10-01_Ehrungen_WFV-467x300.jpg 467w\" sizes=\"auto, (max-width: 1024px) 100vw, 1024px\" \/><\/a><\/figure>\n","protected":false},"excerpt":{"rendered":"<p>Am 1. Oktober hat die Schiedsrichtergruppe B\u00f6blingen zum Grillfest eingeladen. Trotz der kurzfristigen Einladung kamen an die 50 Schiedsrichter, um sich mal wieder pers\u00f6nlich zu sehen und auszutauschen. Bei k\u00fchlen Getr\u00e4nken und was zum Essen vom Grill wurde bis in &hellip; <a href=\"https:\/\/schiri-boeblingen.de\/?p=1427\">Weiterlesen <span class=\"meta-nav\">&rarr;<\/span><\/a><\/p>\n","protected":false},"author":2,"featured_media":0,"comment_status":"open","ping_status":"open","sticky":false,"template":"","format":"standard","meta":{"footnotes":""},"categories":[1],"tags":[],"class_list":["post-1427","post","type-post","status-publish","format-standard","hentry","category-allgemein"],"_links":{"self":[{"href":"https:\/\/schiri-boeblingen.de\/index.php?rest_route=\/wp\/v2\/posts\/1427","targetHints":{"allow":["GET"]}}],"collection":[{"href":"https:\/\/schiri-boeblingen.de\/index.php?rest_route=\/wp\/v2\/posts"}],"about":[{"href":"https:\/\/schiri-boeblingen.de\/index.php?rest_route=\/wp\/v2\/types\/post"}],"author":[{"embeddable":true,"href":"https:\/\/schiri-boeblingen.de\/index.php?rest_route=\/wp\/v2\/users\/2"}],"replies":[{"embeddable":true,"href":"https:\/\/schiri-boeblingen.de\/index.php?rest_route=%2Fwp%2Fv2%2Fcomments&post=1427"}],"version-history":[{"count":3,"href":"https:\/\/schiri-boeblingen.de\/index.php?rest_route=\/wp\/v2\/posts\/1427\/revisions"}],"predecessor-version":[{"id":1431,"href":"https:\/\/schiri-boeblingen.de\/index.php?rest_route=\/wp\/v2\/posts\/1427\/revisions\/1431"}],"wp:attachment":[{"href":"https:\/\/schiri-boeblingen.de\/index.php?rest_route=%2Fwp%2Fv2%2Fmedia&parent=1427"}],"wp:term":[{"taxonomy":"category","embeddable":true,"href":"https:\/\/schiri-boeblingen.de\/index.php?rest_route=%2Fwp%2Fv2%2Fcategories&post=1427"},{"taxonomy":"post_tag","embeddable":true,"href":"https:\/\/schiri-boeblingen.de\/index.php?rest_route=%2Fwp%2Fv2%2Ftags&post=1427"}],"curies":[{"name":"wp","href":"https:\/\/api.w.org\/{rel}","templated":true}]}}