{"id":1548,"date":"2022-06-01T10:00:00","date_gmt":"2022-06-01T08:00:00","guid":{"rendered":"http:\/\/schiri-boeblingen.de\/?p=1548"},"modified":"2022-06-02T10:25:56","modified_gmt":"2022-06-02T08:25:56","slug":"jan-huber-schafft-aufstieg-in-die-landesliga","status":"publish","type":"post","link":"https:\/\/schiri-boeblingen.de\/?p=1548","title":{"rendered":"Jan Huber schafft Aufstieg in die Landesliga"},"content":{"rendered":"\n<p>Am 30.5. hat der Verbandsschiedsrichterausschuss getagt und ein gro\u00dfer Punkt waren die Ergebnisse des Leistungskaders in der Saison 2021\/22. Und die Gruppe B\u00f6blingen darf sehr herzlich\u00a0<strong>Jan Huber<\/strong>\u00a0zum Aufstieg in die Landesliga gratulieren! Er hat eine sehr gute und konstante Beobachtungs-Saison in der Bezirksliga gepfiffen und damit den Sprung geschafft.\u00a0Jan, eine wirklich tolle Leistung und Gut Pfiff in der kommenden Saison eine Klasse h\u00f6her!\u00a0<\/p>\n\n\n\n<p><img loading=\"lazy\" decoding=\"async\" width=\"300\" height=\"400\" class=\"wp-image-1142\" style=\"width: 300px;\" src=\"https:\/\/schiri-boeblingen.de\/wp-content\/uploads\/2020\/08\/Huber_LK.jpeg\" alt=\"\" srcset=\"https:\/\/schiri-boeblingen.de\/wp-content\/uploads\/2020\/08\/Huber_LK.jpeg 675w, https:\/\/schiri-boeblingen.de\/wp-content\/uploads\/2020\/08\/Huber_LK-225x300.jpeg 225w\" sizes=\"auto, (max-width: 300px) 100vw, 300px\" \/><\/p>\n\n\n\n<p>Au\u00dferdem hat&nbsp;<strong>Tobias Reichel&nbsp;<\/strong>seine Premieren-Saison in der 1. Bundesliga erfolgreich absolviert. Mit insgesamt 11 Eins\u00e4tzen im Oberhaus und 2 Eins\u00e4tzen im DFB-Pokal ist Tobias gut etabliert.&nbsp;<strong>Maximilian J\u00e4ger<\/strong>&nbsp;war diese Saison leider vom Pech verfolgt, als er in einem Landesliga-Spiel, f\u00fcr das er im Oktober 2021 kurzfristig eingeteilt wurde, mit einem Spieler zusammenstie\u00df und sich dabei eine Knie-Verletzung zuzog. Diese Verletzung war leider so schwerwiegend, dass Maximilian danach kein Spiel mehr pfeifen und auch nicht mehr beobachtet werden konnte. Er wird kommende Saison aber wieder in der Verbandsliga antreten und muss erstmal schauen, nach seiner Knie-Verletzung wieder in den Rhythmus zu kommen. <strong>Patrick Stephany<\/strong>&nbsp;hat eine Klasse tiefer eine sehr gute Saison gehabt, trotz der vielen guten B\u00f6gen hat es am Ende allerdings nicht ganz gereicht, um in die Verbandsliga aufzusteigen. Die beiden weiteren Bezirksliga-Schiedsrichter unter Beobachtung haben den Aufstieg leider nicht geschafft. Bei&nbsp;<strong>David Simovski<\/strong> haben am Ende ein paar Zehntel in den B\u00f6gen gefehlt, um in die vorderen R\u00e4nge vorsto\u00dfen zu k\u00f6nnen, die den Aufstieg bedeuten. Auch bei&nbsp;<strong>Stefan Jokic<\/strong>&nbsp;hat es nicht ganz gereicht, er verpasste knapp die Qualifikation f\u00fcr den personenbezogenen Platz.&nbsp;<\/p>\n","protected":false},"excerpt":{"rendered":"<p>Am 30.5. hat der Verbandsschiedsrichterausschuss getagt und ein gro\u00dfer Punkt waren die Ergebnisse des Leistungskaders in der Saison 2021\/22. Und die Gruppe B\u00f6blingen darf sehr herzlich\u00a0Jan Huber\u00a0zum Aufstieg in die Landesliga gratulieren! Er hat eine sehr gute und konstante Beobachtungs-Saison &hellip; <a href=\"https:\/\/schiri-boeblingen.de\/?p=1548\">Weiterlesen <span class=\"meta-nav\">&rarr;<\/span><\/a><\/p>\n","protected":false},"author":2,"featured_media":0,"comment_status":"open","ping_status":"open","sticky":false,"template":"","format":"standard","meta":{"footnotes":""},"categories":[1],"tags":[],"class_list":["post-1548","post","type-post","status-publish","format-standard","hentry","category-allgemein"],"_links":{"self":[{"href":"https:\/\/schiri-boeblingen.de\/index.php?rest_route=\/wp\/v2\/posts\/1548","targetHints":{"allow":["GET"]}}],"collection":[{"href":"https:\/\/schiri-boeblingen.de\/index.php?rest_route=\/wp\/v2\/posts"}],"about":[{"href":"https:\/\/schiri-boeblingen.de\/index.php?rest_route=\/wp\/v2\/types\/post"}],"author":[{"embeddable":true,"href":"https:\/\/schiri-boeblingen.de\/index.php?rest_route=\/wp\/v2\/users\/2"}],"replies":[{"embeddable":true,"href":"https:\/\/schiri-boeblingen.de\/index.php?rest_route=%2Fwp%2Fv2%2Fcomments&post=1548"}],"version-history":[{"count":2,"href":"https:\/\/schiri-boeblingen.de\/index.php?rest_route=\/wp\/v2\/posts\/1548\/revisions"}],"predecessor-version":[{"id":1563,"href":"https:\/\/schiri-boeblingen.de\/index.php?rest_route=\/wp\/v2\/posts\/1548\/revisions\/1563"}],"wp:attachment":[{"href":"https:\/\/schiri-boeblingen.de\/index.php?rest_route=%2Fwp%2Fv2%2Fmedia&parent=1548"}],"wp:term":[{"taxonomy":"category","embeddable":true,"href":"https:\/\/schiri-boeblingen.de\/index.php?rest_route=%2Fwp%2Fv2%2Fcategories&post=1548"},{"taxonomy":"post_tag","embeddable":true,"href":"https:\/\/schiri-boeblingen.de\/index.php?rest_route=%2Fwp%2Fv2%2Ftags&post=1548"}],"curies":[{"name":"wp","href":"https:\/\/api.w.org\/{rel}","templated":true}]}}