{"id":1800,"date":"2023-01-23T21:00:00","date_gmt":"2023-01-23T20:00:00","guid":{"rendered":"http:\/\/schiri-boeblingen.de\/?p=1800"},"modified":"2023-04-24T15:05:36","modified_gmt":"2023-04-24T13:05:36","slug":"verleihung-des-landesehrennadel-an-kurt-heinz-kuhbier","status":"publish","type":"post","link":"https:\/\/schiri-boeblingen.de\/?p=1800","title":{"rendered":"Verleihung der Landesehrennadel an Kurt-Heinz Kuhbier"},"content":{"rendered":"\n<p>20 Jahre war <strong>Kurt-Heinz Kuhbier<\/strong> Obmann der Schiedsrichtergruppe B\u00f6blingen. Nun wurde er am 23. Januar 2023 von Darmsheims Oberb\u00fcrgermeister Dr. Bernd V\u00f6hringer f\u00fcr diese herausragende Leistung mit der Ehrennadel des Landes Baden-W\u00fcrttemberg gew\u00fcrdigt. Neben OB V\u00f6hringer und Kurt selbst hielt sein Nachfolger Achim Gack eine Laudatio auf den fr\u00fcheren Obmann. <\/p>\n\n\n\n<figure class=\"wp-block-gallery has-nested-images columns-2 is-cropped wp-block-gallery-1 is-layout-flex wp-block-gallery-is-layout-flex\">\n<figure class=\"wp-block-image size-large\"><a href=\"https:\/\/schiri-boeblingen.de\/wp-content\/uploads\/2023\/04\/2023-01-23_Kurt_Ehrung1.jpg\"><img loading=\"lazy\" decoding=\"async\" width=\"1024\" height=\"683\" data-id=\"1802\" src=\"https:\/\/schiri-boeblingen.de\/wp-content\/uploads\/2023\/04\/2023-01-23_Kurt_Ehrung1-1024x683.jpg\" alt=\"\" class=\"wp-image-1802\" srcset=\"https:\/\/schiri-boeblingen.de\/wp-content\/uploads\/2023\/04\/2023-01-23_Kurt_Ehrung1-1024x683.jpg 1024w, https:\/\/schiri-boeblingen.de\/wp-content\/uploads\/2023\/04\/2023-01-23_Kurt_Ehrung1-300x200.jpg 300w, https:\/\/schiri-boeblingen.de\/wp-content\/uploads\/2023\/04\/2023-01-23_Kurt_Ehrung1-768x512.jpg 768w, https:\/\/schiri-boeblingen.de\/wp-content\/uploads\/2023\/04\/2023-01-23_Kurt_Ehrung1-1536x1024.jpg 1536w, https:\/\/schiri-boeblingen.de\/wp-content\/uploads\/2023\/04\/2023-01-23_Kurt_Ehrung1-2048x1366.jpg 2048w, https:\/\/schiri-boeblingen.de\/wp-content\/uploads\/2023\/04\/2023-01-23_Kurt_Ehrung1-450x300.jpg 450w\" sizes=\"auto, (max-width: 1024px) 100vw, 1024px\" \/><\/a><figcaption class=\"wp-element-caption\">Kurt mit OB V\u00f6hringer (li.)<\/figcaption><\/figure>\n\n\n\n<figure class=\"wp-block-image size-large\"><a href=\"https:\/\/schiri-boeblingen.de\/wp-content\/uploads\/2023\/04\/2023-01-23_Kurt_Ehrung2.jpg\"><img loading=\"lazy\" decoding=\"async\" width=\"1024\" height=\"683\" data-id=\"1803\" src=\"https:\/\/schiri-boeblingen.de\/wp-content\/uploads\/2023\/04\/2023-01-23_Kurt_Ehrung2-1024x683.jpg\" alt=\"\" class=\"wp-image-1803\" srcset=\"https:\/\/schiri-boeblingen.de\/wp-content\/uploads\/2023\/04\/2023-01-23_Kurt_Ehrung2-1024x683.jpg 1024w, https:\/\/schiri-boeblingen.de\/wp-content\/uploads\/2023\/04\/2023-01-23_Kurt_Ehrung2-300x200.jpg 300w, https:\/\/schiri-boeblingen.de\/wp-content\/uploads\/2023\/04\/2023-01-23_Kurt_Ehrung2-768x512.jpg 768w, https:\/\/schiri-boeblingen.de\/wp-content\/uploads\/2023\/04\/2023-01-23_Kurt_Ehrung2-1536x1024.jpg 1536w, https:\/\/schiri-boeblingen.de\/wp-content\/uploads\/2023\/04\/2023-01-23_Kurt_Ehrung2-2048x1366.jpg 2048w, https:\/\/schiri-boeblingen.de\/wp-content\/uploads\/2023\/04\/2023-01-23_Kurt_Ehrung2-450x300.jpg 450w\" sizes=\"auto, (max-width: 1024px) 100vw, 1024px\" \/><\/a><figcaption class=\"wp-element-caption\">Obmann Achim Gack<\/figcaption><\/figure>\n\n\n\n<figure class=\"wp-block-image size-large\"><a href=\"https:\/\/schiri-boeblingen.de\/wp-content\/uploads\/2023\/04\/2023-01-23_Kurt_Ehrung3.jpg\"><img loading=\"lazy\" decoding=\"async\" width=\"1024\" height=\"683\" data-id=\"1804\" src=\"https:\/\/schiri-boeblingen.de\/wp-content\/uploads\/2023\/04\/2023-01-23_Kurt_Ehrung3-1024x683.jpg\" alt=\"\" class=\"wp-image-1804\" srcset=\"https:\/\/schiri-boeblingen.de\/wp-content\/uploads\/2023\/04\/2023-01-23_Kurt_Ehrung3-1024x683.jpg 1024w, https:\/\/schiri-boeblingen.de\/wp-content\/uploads\/2023\/04\/2023-01-23_Kurt_Ehrung3-300x200.jpg 300w, https:\/\/schiri-boeblingen.de\/wp-content\/uploads\/2023\/04\/2023-01-23_Kurt_Ehrung3-768x512.jpg 768w, https:\/\/schiri-boeblingen.de\/wp-content\/uploads\/2023\/04\/2023-01-23_Kurt_Ehrung3-1536x1024.jpg 1536w, https:\/\/schiri-boeblingen.de\/wp-content\/uploads\/2023\/04\/2023-01-23_Kurt_Ehrung3-2048x1366.jpg 2048w, https:\/\/schiri-boeblingen.de\/wp-content\/uploads\/2023\/04\/2023-01-23_Kurt_Ehrung3-450x300.jpg 450w\" sizes=\"auto, (max-width: 1024px) 100vw, 1024px\" \/><\/a><figcaption class=\"wp-element-caption\">OB V\u00f6hringer mit Karin und Kurt-Heinz Kuhbier<\/figcaption><\/figure>\n\n\n\n<figure class=\"wp-block-image size-large\"><a href=\"https:\/\/schiri-boeblingen.de\/wp-content\/uploads\/2023\/04\/2023-01-23_Kurt_Ehrung4.jpg\"><img loading=\"lazy\" decoding=\"async\" width=\"1024\" height=\"683\" data-id=\"1805\" src=\"https:\/\/schiri-boeblingen.de\/wp-content\/uploads\/2023\/04\/2023-01-23_Kurt_Ehrung4-1024x683.jpg\" alt=\"\" class=\"wp-image-1805\" srcset=\"https:\/\/schiri-boeblingen.de\/wp-content\/uploads\/2023\/04\/2023-01-23_Kurt_Ehrung4-1024x683.jpg 1024w, https:\/\/schiri-boeblingen.de\/wp-content\/uploads\/2023\/04\/2023-01-23_Kurt_Ehrung4-300x200.jpg 300w, https:\/\/schiri-boeblingen.de\/wp-content\/uploads\/2023\/04\/2023-01-23_Kurt_Ehrung4-768x512.jpg 768w, https:\/\/schiri-boeblingen.de\/wp-content\/uploads\/2023\/04\/2023-01-23_Kurt_Ehrung4-1536x1024.jpg 1536w, https:\/\/schiri-boeblingen.de\/wp-content\/uploads\/2023\/04\/2023-01-23_Kurt_Ehrung4-2048x1366.jpg 2048w, https:\/\/schiri-boeblingen.de\/wp-content\/uploads\/2023\/04\/2023-01-23_Kurt_Ehrung4-450x300.jpg 450w\" sizes=\"auto, (max-width: 1024px) 100vw, 1024px\" \/><\/a><figcaption class=\"wp-element-caption\">Kurt mit OB V\u00f6hringer, Obmann Gack und &#8222;seinen&#8220; Schiedsrichtern<\/figcaption><\/figure>\n\n\n\n<figure class=\"wp-block-image size-large\"><a href=\"https:\/\/schiri-boeblingen.de\/wp-content\/uploads\/2023\/04\/2023-01-23_Kurt_Ehrung5.png\"><img loading=\"lazy\" decoding=\"async\" width=\"1024\" height=\"883\" data-id=\"1806\" src=\"https:\/\/schiri-boeblingen.de\/wp-content\/uploads\/2023\/04\/2023-01-23_Kurt_Ehrung5.png\" alt=\"\" class=\"wp-image-1806\" srcset=\"https:\/\/schiri-boeblingen.de\/wp-content\/uploads\/2023\/04\/2023-01-23_Kurt_Ehrung5.png 1024w, https:\/\/schiri-boeblingen.de\/wp-content\/uploads\/2023\/04\/2023-01-23_Kurt_Ehrung5-300x259.png 300w, https:\/\/schiri-boeblingen.de\/wp-content\/uploads\/2023\/04\/2023-01-23_Kurt_Ehrung5-768x662.png 768w, https:\/\/schiri-boeblingen.de\/wp-content\/uploads\/2023\/04\/2023-01-23_Kurt_Ehrung5-348x300.png 348w\" sizes=\"auto, (max-width: 1024px) 100vw, 1024px\" \/><\/a><figcaption class=\"wp-element-caption\">Kurts Verleihung in der Kreiszeitung<\/figcaption><\/figure>\n<\/figure>\n","protected":false},"excerpt":{"rendered":"<p>20 Jahre war Kurt-Heinz Kuhbier Obmann der Schiedsrichtergruppe B\u00f6blingen. Nun wurde er am 23. Januar 2023 von Darmsheims Oberb\u00fcrgermeister Dr. Bernd V\u00f6hringer f\u00fcr diese herausragende Leistung mit der Ehrennadel des Landes Baden-W\u00fcrttemberg gew\u00fcrdigt. Neben OB V\u00f6hringer und Kurt selbst hielt &hellip; <a href=\"https:\/\/schiri-boeblingen.de\/?p=1800\">Weiterlesen <span class=\"meta-nav\">&rarr;<\/span><\/a><\/p>\n","protected":false},"author":2,"featured_media":0,"comment_status":"open","ping_status":"open","sticky":false,"template":"","format":"standard","meta":{"footnotes":""},"categories":[1],"tags":[],"class_list":["post-1800","post","type-post","status-publish","format-standard","hentry","category-allgemein"],"_links":{"self":[{"href":"https:\/\/schiri-boeblingen.de\/index.php?rest_route=\/wp\/v2\/posts\/1800","targetHints":{"allow":["GET"]}}],"collection":[{"href":"https:\/\/schiri-boeblingen.de\/index.php?rest_route=\/wp\/v2\/posts"}],"about":[{"href":"https:\/\/schiri-boeblingen.de\/index.php?rest_route=\/wp\/v2\/types\/post"}],"author":[{"embeddable":true,"href":"https:\/\/schiri-boeblingen.de\/index.php?rest_route=\/wp\/v2\/users\/2"}],"replies":[{"embeddable":true,"href":"https:\/\/schiri-boeblingen.de\/index.php?rest_route=%2Fwp%2Fv2%2Fcomments&post=1800"}],"version-history":[{"count":3,"href":"https:\/\/schiri-boeblingen.de\/index.php?rest_route=\/wp\/v2\/posts\/1800\/revisions"}],"predecessor-version":[{"id":1808,"href":"https:\/\/schiri-boeblingen.de\/index.php?rest_route=\/wp\/v2\/posts\/1800\/revisions\/1808"}],"wp:attachment":[{"href":"https:\/\/schiri-boeblingen.de\/index.php?rest_route=%2Fwp%2Fv2%2Fmedia&parent=1800"}],"wp:term":[{"taxonomy":"category","embeddable":true,"href":"https:\/\/schiri-boeblingen.de\/index.php?rest_route=%2Fwp%2Fv2%2Fcategories&post=1800"},{"taxonomy":"post_tag","embeddable":true,"href":"https:\/\/schiri-boeblingen.de\/index.php?rest_route=%2Fwp%2Fv2%2Ftags&post=1800"}],"curies":[{"name":"wp","href":"https:\/\/api.w.org\/{rel}","templated":true}]}}