{"id":1841,"date":"2023-06-16T12:00:00","date_gmt":"2023-06-16T10:00:00","guid":{"rendered":"http:\/\/schiri-boeblingen.de\/?p=1841"},"modified":"2023-06-21T09:49:42","modified_gmt":"2023-06-21T07:49:42","slug":"aufsteiger-im-leistungskader","status":"publish","type":"post","link":"https:\/\/schiri-boeblingen.de\/?p=1841","title":{"rendered":"Aufsteiger im Leistungskader!"},"content":{"rendered":"\n<p>Die Schiedsrichtergruppe B\u00f6blingen kann im Leistungsbereich auf eine erfolgreiche Saison 2022\/23 zur\u00fcckblicken. Der Verbandsschiedsrichterausschuss des W\u00fcrttembergischen Fu\u00dfballverbandes hat die offizielle Qualifikationsliste bekanntgegeben \u2013 und nicht ohne Stolz darf die Gruppe B\u00f6blingen zwei Aufsteiger in die Landesliga verk\u00fcnden:<\/p>\n\n\n\n<p><strong>Daniel Buck<\/strong> hat als Zweiter in der Bezirksliga-Tabelle mit acht hervorragenden Beobachtungen den Sprung in die n\u00e4chsth\u00f6here Klasse geschafft. Nicht nur das: der 18-j\u00e4hrige vom TV G\u00fcltstein wurde f\u00fcr die kommende Saison auch als Assistent f\u00fcr die A- und B-Junioren-Bundesliga nominiert.\u00a0<\/p>\n\n\n\n<p>Auch <strong>Julian Gack<\/strong> vom VfL Herrenberg hat ein hervorragendes Ergebnis erzielt und darf sich kommendes Jahr in der Landesliga beweisen. Der 25-j\u00e4hrige hatte nach ein paar Jahren Pause den Wiedereinstieg in die Bezirksliga-Beobachtung auf Anhieb mit dem Aufstieg in die Landesliga vergoldet.\u00a0<\/p>\n\n\n\n<p>Neben den beiden Aufsteigern kann auch der dritte im Bunde \u2013 <strong>Jan Kroschweski<\/strong> (21, TSV Ehningen) \u2013 auf ein erfolgreiches Jahr zur\u00fcckblicken. Zwar wurde der Aufstieg nicht geschafft, aber durchweg gute Leistungen gezeigt und kann aus dem ersten Jahr in der Beobachtung einiges lernen.\u00a0<\/p>\n\n\n\n<p>Leider mussten wir im Leistungskader aber auch einen Abstieg verkraften. <strong>Jan Huber<\/strong> vom TV Altdorf (27) musste im ersten Jahr in der Landesliga direkt wieder den Gang in eine Liga darunter antreten. Es war sehr knapp, es haben Zentimeter gefehlt, um eine Analogie zu bem\u00fchen.\u00a0<\/p>\n\n\n\n<p><strong>Patrick Stephany<\/strong> (32, TV Altdorf), der seit 2015 in der Landesliga pfeift, belegte einen soliden Mittelfeldplatz in der Landesliga. <strong>Maximilian J\u00e4ger<\/strong> (26, SV B\u00f6blingen) konnte verletzungsbedingt nicht an allen geforderten Beobachtungen in der Verbandsliga eingesetzt werden, belegte aber dennoch einen sehr guten siebten Platz im oberen Drittel der Tabelle.<\/p>\n\n\n\n<p>Nicht zuletzt ist <strong>Tobias Reichel<\/strong> (37, GSV Maichingen) in der Bundesliga endg\u00fcltig angekommen, Highlights waren sicherlich die Relegation vor ein paar Tagen in Unterhaching, die Abendspiele in Liga 1 oder die Spitzenspiele vor ausverkauftem Haus in Liga 2.<\/p>\n\n\n\n<p>Und nicht zu vergessen: Der Leistungsbereich im WFV w\u00e4re nicht m\u00f6glich ohne die Arbeit der Beobachter! Und hier darf sich die Gruppe B\u00f6blingen zusammen mit <strong>Norbert Fleischer<\/strong> vom TV Altdorf \u00fcber einen Aufstieg freuen: Er darf ab der kommenden Saison in der Oberliga Baden-W\u00fcrttemberg beobachten! Sein Kollege <strong>Manuel D\u00fcrr<\/strong> vom SV M\u00f6tzingen hat in der demn\u00e4chst abgelaufenen Saison in der Verbandsliga beobachtet \u2013 und das zus\u00e4tzlich zu seinem immensen Pensum als Beisitzer im Verbandsschiedsrichter-Ausschuss (zust\u00e4ndig f\u00fcr die Beobachtung Bezirksliga und Nachwuchslehrg\u00e4nge)!<\/p>\n\n\n\n<figure class=\"wp-block-gallery has-nested-images columns-default is-cropped wp-block-gallery-1 is-layout-flex wp-block-gallery-is-layout-flex\">\n<figure class=\"wp-block-image size-large\"><img decoding=\"async\" data-id=\"113\" src=\"https:\/\/schiri-boeblingen.de\/wp-content\/uploads\/2017\/07\/norbert.jpg\" alt=\"\" class=\"wp-image-113\"\/><figcaption class=\"wp-element-caption\">Norbert Fleischer<\/figcaption><\/figure>\n\n\n\n<figure class=\"wp-block-image size-large\"><img loading=\"lazy\" decoding=\"async\" width=\"225\" height=\"300\" data-id=\"1633\" src=\"https:\/\/schiri-boeblingen.de\/wp-content\/uploads\/2022\/08\/Gack.jpeg\" alt=\"\" class=\"wp-image-1633\"\/><figcaption class=\"wp-element-caption\">Julian Gack<\/figcaption><\/figure>\n\n\n\n<figure class=\"wp-block-image size-large\"><img loading=\"lazy\" decoding=\"async\" width=\"225\" height=\"300\" data-id=\"1632\" src=\"https:\/\/schiri-boeblingen.de\/wp-content\/uploads\/2022\/08\/Buck-D.jpeg\" alt=\"\" class=\"wp-image-1632\"\/><figcaption class=\"wp-element-caption\">Daniel Buck<\/figcaption><\/figure>\n<\/figure>\n","protected":false},"excerpt":{"rendered":"<p>Die Schiedsrichtergruppe B\u00f6blingen kann im Leistungsbereich auf eine erfolgreiche Saison 2022\/23 zur\u00fcckblicken. Der Verbandsschiedsrichterausschuss des W\u00fcrttembergischen Fu\u00dfballverbandes hat die offizielle Qualifikationsliste bekanntgegeben \u2013 und nicht ohne Stolz darf die Gruppe B\u00f6blingen zwei Aufsteiger in die Landesliga verk\u00fcnden: Daniel Buck hat &hellip; <a href=\"https:\/\/schiri-boeblingen.de\/?p=1841\">Weiterlesen <span class=\"meta-nav\">&rarr;<\/span><\/a><\/p>\n","protected":false},"author":2,"featured_media":0,"comment_status":"open","ping_status":"open","sticky":false,"template":"","format":"standard","meta":{"footnotes":""},"categories":[1],"tags":[],"class_list":["post-1841","post","type-post","status-publish","format-standard","hentry","category-allgemein"],"_links":{"self":[{"href":"https:\/\/schiri-boeblingen.de\/index.php?rest_route=\/wp\/v2\/posts\/1841","targetHints":{"allow":["GET"]}}],"collection":[{"href":"https:\/\/schiri-boeblingen.de\/index.php?rest_route=\/wp\/v2\/posts"}],"about":[{"href":"https:\/\/schiri-boeblingen.de\/index.php?rest_route=\/wp\/v2\/types\/post"}],"author":[{"embeddable":true,"href":"https:\/\/schiri-boeblingen.de\/index.php?rest_route=\/wp\/v2\/users\/2"}],"replies":[{"embeddable":true,"href":"https:\/\/schiri-boeblingen.de\/index.php?rest_route=%2Fwp%2Fv2%2Fcomments&post=1841"}],"version-history":[{"count":1,"href":"https:\/\/schiri-boeblingen.de\/index.php?rest_route=\/wp\/v2\/posts\/1841\/revisions"}],"predecessor-version":[{"id":1842,"href":"https:\/\/schiri-boeblingen.de\/index.php?rest_route=\/wp\/v2\/posts\/1841\/revisions\/1842"}],"wp:attachment":[{"href":"https:\/\/schiri-boeblingen.de\/index.php?rest_route=%2Fwp%2Fv2%2Fmedia&parent=1841"}],"wp:term":[{"taxonomy":"category","embeddable":true,"href":"https:\/\/schiri-boeblingen.de\/index.php?rest_route=%2Fwp%2Fv2%2Fcategories&post=1841"},{"taxonomy":"post_tag","embeddable":true,"href":"https:\/\/schiri-boeblingen.de\/index.php?rest_route=%2Fwp%2Fv2%2Ftags&post=1841"}],"curies":[{"name":"wp","href":"https:\/\/api.w.org\/{rel}","templated":true}]}}