{"id":1886,"date":"2022-10-16T18:00:00","date_gmt":"2022-10-16T16:00:00","guid":{"rendered":"http:\/\/schiri-boeblingen.de\/?p=1886"},"modified":"2023-09-20T10:45:44","modified_gmt":"2023-09-20T08:45:44","slug":"ein-gelungenes-jahresfest-in-oberjesingen","status":"publish","type":"post","link":"https:\/\/schiri-boeblingen.de\/?p=1886","title":{"rendered":"Ein gelungenes Jahresfest in Oberjesingen!"},"content":{"rendered":"\n<p>Nach vier Jahren Zwangspause wieder ein <strong>Jahresfest<\/strong>: Erstmals seit 2018 konnte die Fu\u00dfball-Schiedsrichtergruppe B\u00f6blingen wieder ihr Jahresfest feiern und nahm diese Zusammenkunft in der Oberjesinger Wasen\u00e4ckerhalle zum Anlass, langj\u00e4hrige und verdiente Unparteiische zu ehren und einem Vortrag des ehemaligen Bundesliga-Schiedsrichters Knut Kircher zu lauschen. Zuvor richteten Dirk Graf, Vorsitzender des SV Oberjesingen, und Schiedsrichter-Obmann Achim Gack aber auch noch einige mahnende Worte ans Publikum und bezogen sich dabei auf den \u201eFachkr\u00e4ftemangel\u201c, der sich auch bei den Schiedsrichtern im Bezirk B\u00f6blingen\/Calw immer st\u00e4rker bemerkbar macht. Im Verbandsgebiet ist die Zahl der Unparteiischen von einst \u00fcber 7000 auf 4500 gesunken, die Schiedsrichtergruppe B\u00f6blingen verf\u00fcgt derzeit \u00fcber rund 155 aktive Schiedsrichter. Am ersten Oktober-Wochenende konnten auch im Bezirk B\u00f6blingen\/Calw nicht mehr alle Kreisliga-Spiele mit gepr\u00fcften Unparteiischen besetzt werden. \u201eDie Schiedsrichterei steckt in der Bredouille, und der Fu\u00dfball geht ohne die Schiedsrichter-T\u00e4tigkeit immer st\u00e4rker am Stock\u201c, verdeutlichte Achim Gack die Brisanz. Seit dem letzten Jahresfest im November 2018 sank die Zahl der Schiedsrichter auch durch 5 Todesf\u00e4lle. Die G\u00e4ste gedachten der verstorbenen J\u00fcrgen Drechsel, Luciano Ciccone, Martin Sowa, Peter M\u00fcller und Manfred Heugel.<\/p>\n\n\n\n<p>Erstmals verantwortete der im Mai 2021 neu gebildete Ausschuss um Achim Gack und Vize-Obmann Christian Runge das Jahresfest. Als Hauptorganisatorin tat sich Anika Wenger hervor, die dem Ausschuss seit kurzem unter anderem als Frauenbeauftragte angeh\u00f6rt.<\/p>\n\n\n\n<p>Einen launigen Blick \u00fcber Kreis-, Bezirks- und Landesgrenzen hinweg gew\u00e4hrte ein externer Gast \u2013 der ehemalige Fifa- und Bundesliga-Schiedsrichter Knut Kircher. Der 53-J\u00e4hrige will zwar \u2013 im Gegensatz zu manch anderen aktuellen oder ehemaligen Schiedsrichtern \u2013 kein Buch \u00fcber seine Karriere schreiben, teilt aber gerne seine Erlebnisse und Erfahrungen mit interessierten Zuh\u00f6rern. Unter dem Titel \u201eFreude am Entscheiden\u201c verdeutlichte der Maschinenbau-Ingenieur, dass Kompetenzen wie Teamorientierung, Entscheidungsfreude oder Deeskalation nicht nur auf dem Fu\u00dfballplatz, sondern auch im privaten und beruflichen Bereich dazu beitragen k\u00f6nnen, richtige Entschl\u00fcsse zu fassen sowie Konflikte zu befrieden oder pr\u00e4ventiv zu verhindern. Mit f\u00fcnf Grundregeln versuchte Knut Kircher, die Anforderungen und F\u00e4higkeiten eines Spitzenschiedsrichters in den Alltag zu transferieren: \u201eSprich authentisch mit den Menschen; habe keine Angst, Entscheidungen zu treffen; akzeptiere, dass du Mensch bist; lerne Kompromisse zu finden, sei empathisch; l\u00f6se Konflikte, sie helfen dir nicht\u201c, empfahl der Hailfinger, der auf 244 Erstliga- und 128 Zweitliga-Spiele sowie auf 35 internationale Eins\u00e4tze zur\u00fcckblicken kann, beispielsweise auch in S\u00fcdkorea, Katar, Libyen oder \u00c4gypten. Und Konflikte hat er auf dem Spielfeld mitunter auf unkonventionelle und lockere Art und Weise zu l\u00f6sen versucht \u2013 beispielsweise als Nationalspieler Stefan Effenberg sich beim damaligen Bundesliga-\u201eNovizen\u201c Knut Kircher beschwerte: \u201eSo einen Freisto\u00df pfeift man in der Bundesliga nicht.\u201c Der Spielleiter lie\u00df die Sache zun\u00e4chst auf sich beruhen und verh\u00e4ngte keine pers\u00f6nliche Strafe f\u00fcr diese Kritik. Knut Kircher konterte wenig sp\u00e4ter aber verbal, als Effenberg einen Freisto\u00df versemmelte: \u201eSo einen Freisto\u00df schie\u00dft man in der Bundesliga nicht.\u201c Und schon war eine niederschwellige pers\u00f6nliche Ebene gefunden, die die vorherige Beschwerde auf eine lockere Art und Weise relativierte und beide Sportler wieder zusammenf\u00fchrte. Auch in manch anderen Situationen bereinigte Knut Kircher Konflikte, ohne eine gelbe oder gar rote Karte z\u00fccken zu m\u00fcssen. Denn auch mit (verbaler) Sprache, K\u00f6rpersprache, Mimik und Gestik lassen sich Entscheidungen vermitteln oder Konflikte l\u00f6sen, f\u00fchrt er aus.<\/p>\n\n\n\n<p>In der Wasen\u00e4ckerhalle ehrte die Schiedsrichtergrippe B\u00f6blingen zahlreiche Unparteiische, die auf ein Jahres- oder Spielleitungs-Jubil\u00e4um zur\u00fcckblicken k\u00f6nnen. In den \u201eKlub der 1000er\u201c sind f\u00fcnf weitere Unparteiische vorgedrungen. F\u00fcr 1000 Spiele wurden (teils in Abwesenheit) geehrt: Manfred Conrad (TSV Dagersheim), Michael J\u00f6rg (TV Altdorf), Tobias Reichel (GSV Maichingen), Karl-Heinz Schnell (SF Kayh) und Matthias Sendersky (SF Kayh). Bereits 1500 Spiele hat Bruno Baur (SV Oberjesingen) geleitet. Mit einer WFV-Ehrung f\u00fcr 20 Jahre (silberne Ehrennadel) wurden Steffen Bechthold (SV Magstadt) und Ralf Thomas Hellwig (SV B\u00f6blingen) bedacht. Sogar schon seit 25 Jahren hantiert Rainer Protschka (VfL Oberjettingen) an und mit der Pfeife; er bekam daf\u00fcr die goldene WFV-Ehrennadel verliehen. Eine besondere Ehrung wurde Kurt-Heinz Kuhbier (TV Darmsheim) zuteil: Er wurde zum Ehren-Obmann ernannt.<\/p>\n\n\n\n<p>Die weiteren Ehrungen:<\/p>\n\n\n\n<p>Ehrennadel in Bronze (f\u00fcnf Jahre Schiedsrichtergruppe B\u00f6blingen): Kazim Balin (VfL Oberjettingen), Simeon Barth (TSV Kuppingen), Konrad Buck (TV G\u00fcltstein), Davide Di Mineo (VfL Sindelfingen), Josia Egeler (VfL Herrenberg), Francesco Ferro (VfL Sindelfingen), Florian Fessele (TSV Tailfingen), Stefan H\u00e4tinger (SF Kayh), Tom Henschke (TV G\u00fcltstein), Oto Juric (TSV Sch\u00f6naich), Talha Karaaslaloglu (SV Oberjesingen), Hamza Kiroglu (TuS Ergenzingen), Elia Krutti (VfL Sindefingen), Jochen Lahrsow (TSV Ehningen), Kevin Ohla (GSV Maichingen), Danielle Pfeil (SV Nufringen), Niko Reger (VfL Sindelfingen), Fabian Rinderknecht (FSV Deufringen), Arne Rubehn (SV Affst\u00e4tt), Furkan Sahinoglu (SV Affst\u00e4tt), Armin Schick (SV Nufringen), David Simovski (TSV Dagersheim), Simon Tim Stolz (VfL Sindelfingen), Alex Thies (Spvgg Holzgerlingen), Thomas Till (TSV Grafenau), Nico Vetter (Spvgg Weil der Stadt).<\/p>\n\n\n\n<p>Ehrennadel in Silber (zehn Jahre Schiedsrichtergruppe B\u00f6blingen): Akif Tayfun G\u00f6ler (GSV Maichingen)<\/p>\n\n\n\n<p>Ehrennadel in Gold (15 Jahre Schiedsrichtergruppe B\u00f6blingen): Jens N\u00fcssle (SV Oberjesingen), Marc Schnaufer (VfL Herrenberg), Angelos Tsakiris (FC G\u00e4rtringen)<\/p>\n\n\n\n<p>Gruppenehrung f\u00fcr 500 Spiele: Wafi Abed Zaidan (TV Darmsheim), Karol Ozimek (VfL Sindelfingen), Rainer Protschka (VfL Oberjettingen), Paul Reiss (SV B\u00f6blingen), Marc Schnaufer (VfL Herrenberg), Angelos Tsakiris (FC G\u00e4rtringen).<\/p>\n\n\n\n<p>WFV-Ehrung f\u00fcr 15 Jahre (bronzene Ehrennadel): Manuel Bayha (TSV Waldenbuch), Selim Koc (SV B\u00f6blingen), Detlef K\u00f6nig (Spvgg Weil im Sch\u00f6nbuch), Nermin Loncaric (FV Radnik Sindelfingen), Jens N\u00fcssle (SV Oberjesingen), Karol Ozimek (VfL Sindelfingen), Marc Schnaufer (VfL Herrenberg), Patrick Stephany (TV Altdorf), Angelos Tsakiris (FC G\u00e4rtringen), Stefan Vogt (SV Rohrau), Achim W\u00f6hr (TSV Hildrizhausen).<\/p>\n\n\n\n<figure class=\"wp-block-gallery has-nested-images columns-default is-cropped wp-block-gallery-1 is-layout-flex wp-block-gallery-is-layout-flex\">\n<figure class=\"wp-block-image size-large\"><a href=\"https:\/\/schiri-boeblingen.de\/wp-content\/uploads\/2023\/09\/2022_Jahresfest_1-scaled.jpeg\" target=\"_blank\" rel=\"noreferrer noopener\"><img loading=\"lazy\" decoding=\"async\" width=\"768\" height=\"1024\" data-id=\"1881\" src=\"https:\/\/schiri-boeblingen.de\/wp-content\/uploads\/2023\/09\/2022_Jahresfest_1-768x1024.jpeg\" alt=\"\" class=\"wp-image-1881\" srcset=\"https:\/\/schiri-boeblingen.de\/wp-content\/uploads\/2023\/09\/2022_Jahresfest_1-768x1024.jpeg 768w, https:\/\/schiri-boeblingen.de\/wp-content\/uploads\/2023\/09\/2022_Jahresfest_1-225x300.jpeg 225w, https:\/\/schiri-boeblingen.de\/wp-content\/uploads\/2023\/09\/2022_Jahresfest_1-1152x1536.jpeg 1152w, https:\/\/schiri-boeblingen.de\/wp-content\/uploads\/2023\/09\/2022_Jahresfest_1-1536x2048.jpeg 1536w, https:\/\/schiri-boeblingen.de\/wp-content\/uploads\/2023\/09\/2022_Jahresfest_1-scaled.jpeg 1920w\" sizes=\"auto, (max-width: 768px) 100vw, 768px\" \/><\/a><\/figure>\n\n\n\n<figure class=\"wp-block-image size-large\"><a href=\"https:\/\/schiri-boeblingen.de\/wp-content\/uploads\/2023\/09\/2022_Jahresfest_5-scaled.jpg\" target=\"_blank\" rel=\"noreferrer noopener\"><img loading=\"lazy\" decoding=\"async\" width=\"1024\" height=\"683\" data-id=\"1885\" src=\"https:\/\/schiri-boeblingen.de\/wp-content\/uploads\/2023\/09\/2022_Jahresfest_5-1024x683.jpg\" alt=\"\" class=\"wp-image-1885\" srcset=\"https:\/\/schiri-boeblingen.de\/wp-content\/uploads\/2023\/09\/2022_Jahresfest_5-1024x683.jpg 1024w, https:\/\/schiri-boeblingen.de\/wp-content\/uploads\/2023\/09\/2022_Jahresfest_5-300x200.jpg 300w, https:\/\/schiri-boeblingen.de\/wp-content\/uploads\/2023\/09\/2022_Jahresfest_5-768x512.jpg 768w, https:\/\/schiri-boeblingen.de\/wp-content\/uploads\/2023\/09\/2022_Jahresfest_5-1536x1024.jpg 1536w, https:\/\/schiri-boeblingen.de\/wp-content\/uploads\/2023\/09\/2022_Jahresfest_5-2048x1365.jpg 2048w, https:\/\/schiri-boeblingen.de\/wp-content\/uploads\/2023\/09\/2022_Jahresfest_5-450x300.jpg 450w\" sizes=\"auto, (max-width: 1024px) 100vw, 1024px\" \/><\/a><\/figure>\n\n\n\n<figure class=\"wp-block-image size-large\"><a href=\"https:\/\/schiri-boeblingen.de\/wp-content\/uploads\/2023\/09\/2022_Jahresfest_4-scaled.jpg\" target=\"_blank\" rel=\"noreferrer noopener\"><img loading=\"lazy\" decoding=\"async\" width=\"1024\" height=\"683\" data-id=\"1884\" src=\"https:\/\/schiri-boeblingen.de\/wp-content\/uploads\/2023\/09\/2022_Jahresfest_4-1024x683.jpg\" alt=\"\" class=\"wp-image-1884\" srcset=\"https:\/\/schiri-boeblingen.de\/wp-content\/uploads\/2023\/09\/2022_Jahresfest_4-1024x683.jpg 1024w, https:\/\/schiri-boeblingen.de\/wp-content\/uploads\/2023\/09\/2022_Jahresfest_4-300x200.jpg 300w, https:\/\/schiri-boeblingen.de\/wp-content\/uploads\/2023\/09\/2022_Jahresfest_4-768x512.jpg 768w, https:\/\/schiri-boeblingen.de\/wp-content\/uploads\/2023\/09\/2022_Jahresfest_4-1536x1024.jpg 1536w, https:\/\/schiri-boeblingen.de\/wp-content\/uploads\/2023\/09\/2022_Jahresfest_4-2048x1365.jpg 2048w, https:\/\/schiri-boeblingen.de\/wp-content\/uploads\/2023\/09\/2022_Jahresfest_4-450x300.jpg 450w\" sizes=\"auto, (max-width: 1024px) 100vw, 1024px\" \/><\/a><\/figure>\n\n\n\n<figure class=\"wp-block-image size-large\"><a href=\"https:\/\/schiri-boeblingen.de\/wp-content\/uploads\/2023\/09\/2022_Jahresfest_3-scaled.jpg\" target=\"_blank\" rel=\"noreferrer noopener\"><img loading=\"lazy\" decoding=\"async\" width=\"1024\" height=\"683\" data-id=\"1883\" src=\"https:\/\/schiri-boeblingen.de\/wp-content\/uploads\/2023\/09\/2022_Jahresfest_3-1024x683.jpg\" alt=\"\" class=\"wp-image-1883\" srcset=\"https:\/\/schiri-boeblingen.de\/wp-content\/uploads\/2023\/09\/2022_Jahresfest_3-1024x683.jpg 1024w, https:\/\/schiri-boeblingen.de\/wp-content\/uploads\/2023\/09\/2022_Jahresfest_3-300x200.jpg 300w, https:\/\/schiri-boeblingen.de\/wp-content\/uploads\/2023\/09\/2022_Jahresfest_3-768x512.jpg 768w, https:\/\/schiri-boeblingen.de\/wp-content\/uploads\/2023\/09\/2022_Jahresfest_3-1536x1024.jpg 1536w, https:\/\/schiri-boeblingen.de\/wp-content\/uploads\/2023\/09\/2022_Jahresfest_3-2048x1365.jpg 2048w, https:\/\/schiri-boeblingen.de\/wp-content\/uploads\/2023\/09\/2022_Jahresfest_3-450x300.jpg 450w\" sizes=\"auto, (max-width: 1024px) 100vw, 1024px\" \/><\/a><\/figure>\n\n\n\n<figure class=\"wp-block-image size-large\"><a href=\"https:\/\/schiri-boeblingen.de\/wp-content\/uploads\/2023\/09\/2022_Jahresfest_2-scaled.jpg\" target=\"_blank\" rel=\"noreferrer noopener\"><img loading=\"lazy\" decoding=\"async\" width=\"1024\" height=\"683\" data-id=\"1882\" src=\"https:\/\/schiri-boeblingen.de\/wp-content\/uploads\/2023\/09\/2022_Jahresfest_2-1024x683.jpg\" alt=\"\" class=\"wp-image-1882\" srcset=\"https:\/\/schiri-boeblingen.de\/wp-content\/uploads\/2023\/09\/2022_Jahresfest_2-1024x683.jpg 1024w, https:\/\/schiri-boeblingen.de\/wp-content\/uploads\/2023\/09\/2022_Jahresfest_2-300x200.jpg 300w, https:\/\/schiri-boeblingen.de\/wp-content\/uploads\/2023\/09\/2022_Jahresfest_2-768x512.jpg 768w, https:\/\/schiri-boeblingen.de\/wp-content\/uploads\/2023\/09\/2022_Jahresfest_2-1536x1024.jpg 1536w, https:\/\/schiri-boeblingen.de\/wp-content\/uploads\/2023\/09\/2022_Jahresfest_2-2048x1365.jpg 2048w, https:\/\/schiri-boeblingen.de\/wp-content\/uploads\/2023\/09\/2022_Jahresfest_2-450x300.jpg 450w\" sizes=\"auto, (max-width: 1024px) 100vw, 1024px\" \/><\/a><\/figure>\n<\/figure>\n","protected":false},"excerpt":{"rendered":"<p>Nach vier Jahren Zwangspause wieder ein Jahresfest: Erstmals seit 2018 konnte die Fu\u00dfball-Schiedsrichtergruppe B\u00f6blingen wieder ihr Jahresfest feiern und nahm diese Zusammenkunft in der Oberjesinger Wasen\u00e4ckerhalle zum Anlass, langj\u00e4hrige und verdiente Unparteiische zu ehren und einem Vortrag des ehemaligen Bundesliga-Schiedsrichters &hellip; <a href=\"https:\/\/schiri-boeblingen.de\/?p=1886\">Weiterlesen <span class=\"meta-nav\">&rarr;<\/span><\/a><\/p>\n","protected":false},"author":2,"featured_media":0,"comment_status":"open","ping_status":"open","sticky":false,"template":"","format":"standard","meta":{"footnotes":""},"categories":[1],"tags":[],"class_list":["post-1886","post","type-post","status-publish","format-standard","hentry","category-allgemein"],"_links":{"self":[{"href":"https:\/\/schiri-boeblingen.de\/index.php?rest_route=\/wp\/v2\/posts\/1886","targetHints":{"allow":["GET"]}}],"collection":[{"href":"https:\/\/schiri-boeblingen.de\/index.php?rest_route=\/wp\/v2\/posts"}],"about":[{"href":"https:\/\/schiri-boeblingen.de\/index.php?rest_route=\/wp\/v2\/types\/post"}],"author":[{"embeddable":true,"href":"https:\/\/schiri-boeblingen.de\/index.php?rest_route=\/wp\/v2\/users\/2"}],"replies":[{"embeddable":true,"href":"https:\/\/schiri-boeblingen.de\/index.php?rest_route=%2Fwp%2Fv2%2Fcomments&post=1886"}],"version-history":[{"count":3,"href":"https:\/\/schiri-boeblingen.de\/index.php?rest_route=\/wp\/v2\/posts\/1886\/revisions"}],"predecessor-version":[{"id":1889,"href":"https:\/\/schiri-boeblingen.de\/index.php?rest_route=\/wp\/v2\/posts\/1886\/revisions\/1889"}],"wp:attachment":[{"href":"https:\/\/schiri-boeblingen.de\/index.php?rest_route=%2Fwp%2Fv2%2Fmedia&parent=1886"}],"wp:term":[{"taxonomy":"category","embeddable":true,"href":"https:\/\/schiri-boeblingen.de\/index.php?rest_route=%2Fwp%2Fv2%2Fcategories&post=1886"},{"taxonomy":"post_tag","embeddable":true,"href":"https:\/\/schiri-boeblingen.de\/index.php?rest_route=%2Fwp%2Fv2%2Ftags&post=1886"}],"curies":[{"name":"wp","href":"https:\/\/api.w.org\/{rel}","templated":true}]}}