{"id":1928,"date":"2023-06-17T22:00:00","date_gmt":"2023-06-17T20:00:00","guid":{"rendered":"http:\/\/schiri-boeblingen.de\/?p=1928"},"modified":"2023-09-26T10:46:18","modified_gmt":"2023-09-26T08:46:18","slug":"ehrung-fuer-manuel-duerr-bei-der-obleute-tagung","status":"publish","type":"post","link":"https:\/\/schiri-boeblingen.de\/?p=1928","title":{"rendered":"Ehrung f\u00fcr Manuel D\u00fcrr bei der Obleute-Tagung"},"content":{"rendered":"\n<p>Bei der Obleute-Tagung am 17. Juni 2023 wurde Manuel D\u00fcrr von der Schiedsrichtergruppe B\u00f6blingen eine besondere Ehre zuteil: Er erhielt von Verbandsschiedsrichter-Obmann Volker Stellmach die WFV-Ehrennadel in Silber f\u00fcr 20 Jahre Schiedsrichter-T\u00e4tigkeit. Manuel war auch im Ausschuss der Schiedsrichtergruppe B\u00f6blingen t\u00e4tig und ist Mitglied im Verbandsschiedsrichter-Ausschuss des WFV.  <\/p>\n\n\n\n<figure class=\"wp-block-image size-large\"><img loading=\"lazy\" decoding=\"async\" width=\"768\" height=\"1024\" src=\"https:\/\/schiri-boeblingen.de\/wp-content\/uploads\/2023\/09\/2023-06-17_Ehrung_Duerr-768x1024.jpg\" alt=\"\" class=\"wp-image-1927\" srcset=\"https:\/\/schiri-boeblingen.de\/wp-content\/uploads\/2023\/09\/2023-06-17_Ehrung_Duerr-768x1024.jpg 768w, https:\/\/schiri-boeblingen.de\/wp-content\/uploads\/2023\/09\/2023-06-17_Ehrung_Duerr-225x300.jpg 225w, https:\/\/schiri-boeblingen.de\/wp-content\/uploads\/2023\/09\/2023-06-17_Ehrung_Duerr-1152x1536.jpg 1152w, https:\/\/schiri-boeblingen.de\/wp-content\/uploads\/2023\/09\/2023-06-17_Ehrung_Duerr-1536x2048.jpg 1536w, https:\/\/schiri-boeblingen.de\/wp-content\/uploads\/2023\/09\/2023-06-17_Ehrung_Duerr-scaled.jpg 1920w\" sizes=\"auto, (max-width: 768px) 100vw, 768px\" \/><\/figure>\n","protected":false},"excerpt":{"rendered":"<p>Bei der Obleute-Tagung am 17. Juni 2023 wurde Manuel D\u00fcrr von der Schiedsrichtergruppe B\u00f6blingen eine besondere Ehre zuteil: Er erhielt von Verbandsschiedsrichter-Obmann Volker Stellmach die WFV-Ehrennadel in Silber f\u00fcr 20 Jahre Schiedsrichter-T\u00e4tigkeit. Manuel war auch im Ausschuss der Schiedsrichtergruppe B\u00f6blingen &hellip; <a href=\"https:\/\/schiri-boeblingen.de\/?p=1928\">Weiterlesen <span class=\"meta-nav\">&rarr;<\/span><\/a><\/p>\n","protected":false},"author":2,"featured_media":0,"comment_status":"open","ping_status":"open","sticky":false,"template":"","format":"standard","meta":{"footnotes":""},"categories":[1],"tags":[],"class_list":["post-1928","post","type-post","status-publish","format-standard","hentry","category-allgemein"],"_links":{"self":[{"href":"https:\/\/schiri-boeblingen.de\/index.php?rest_route=\/wp\/v2\/posts\/1928","targetHints":{"allow":["GET"]}}],"collection":[{"href":"https:\/\/schiri-boeblingen.de\/index.php?rest_route=\/wp\/v2\/posts"}],"about":[{"href":"https:\/\/schiri-boeblingen.de\/index.php?rest_route=\/wp\/v2\/types\/post"}],"author":[{"embeddable":true,"href":"https:\/\/schiri-boeblingen.de\/index.php?rest_route=\/wp\/v2\/users\/2"}],"replies":[{"embeddable":true,"href":"https:\/\/schiri-boeblingen.de\/index.php?rest_route=%2Fwp%2Fv2%2Fcomments&post=1928"}],"version-history":[{"count":1,"href":"https:\/\/schiri-boeblingen.de\/index.php?rest_route=\/wp\/v2\/posts\/1928\/revisions"}],"predecessor-version":[{"id":1929,"href":"https:\/\/schiri-boeblingen.de\/index.php?rest_route=\/wp\/v2\/posts\/1928\/revisions\/1929"}],"wp:attachment":[{"href":"https:\/\/schiri-boeblingen.de\/index.php?rest_route=%2Fwp%2Fv2%2Fmedia&parent=1928"}],"wp:term":[{"taxonomy":"category","embeddable":true,"href":"https:\/\/schiri-boeblingen.de\/index.php?rest_route=%2Fwp%2Fv2%2Fcategories&post=1928"},{"taxonomy":"post_tag","embeddable":true,"href":"https:\/\/schiri-boeblingen.de\/index.php?rest_route=%2Fwp%2Fv2%2Ftags&post=1928"}],"curies":[{"name":"wp","href":"https:\/\/api.w.org\/{rel}","templated":true}]}}