{"id":1965,"date":"2023-07-27T20:00:00","date_gmt":"2023-07-27T18:00:00","guid":{"rendered":"http:\/\/schiri-boeblingen.de\/?p=1965"},"modified":"2023-09-26T12:28:40","modified_gmt":"2023-09-26T10:28:40","slug":"leistungskader-sitzung-mit-pressekonferenz","status":"publish","type":"post","link":"https:\/\/schiri-boeblingen.de\/?p=1965","title":{"rendered":"Leistungskader-Sitzung mit Pressekonferenz"},"content":{"rendered":"\n<p>Am 27. Juli 2023 trafen sich Ausschuss und Leistungskader, F\u00f6rderkader, SRA-Kader sowie die Beobachter zur allj\u00e4hrlichen Besprechung auf dem Gel\u00e4nde des VfL Herrenberg. Der erste Teil wurde als Pressekonferenz abgehalten, die Artikel von <a href=\"https:\/\/schiri-boeblingen.de\/wp-content\/uploads\/2023\/09\/2023-07-27_Gaeubote_Pressekonferenz.pdf\" data-type=\"link\" data-id=\"https:\/\/schiri-boeblingen.de\/wp-content\/uploads\/2023\/09\/2023-07-27_Gaeubote_Pressekonferenz.pdf\">G\u00e4ubote<\/a> und <a href=\"https:\/\/schiri-boeblingen.de\/wp-content\/uploads\/2023\/09\/2023-08-19_Kreiszeitung_Pressekonferenz.pdf\" data-type=\"link\" data-id=\"https:\/\/schiri-boeblingen.de\/wp-content\/uploads\/2023\/09\/2023-08-19_Kreiszeitung_Pressekonferenz.pdf\">Kreiszeitung<\/a> k\u00f6nnen unter den Links heruntergeladen werden. <\/p>\n\n\n\n<p>Neben den Fototerminen wurde die Ausrichtung der neuen Saison 2023\/24 besprochen. Die Gruppe B\u00f6blingen geht mit Tobias Reichel (1. Bundesliga), Maximilian J\u00e4ger (Verbandsliga), Daniel Buck, Julian Gack, Patrick Stephany (alle Landesliga) und Benjamin Buck, Jan Huber, Stefan Jokic sowie Robert Marthaller (alle Bezirksliga) in die neue Beobachtungs-Runde. Allen w\u00fcnschen wir ein gl\u00fcckliches H\u00e4ndchen bei ihren Beobachtungen.<\/p>\n\n\n\n<figure class=\"wp-block-image size-large\"><a href=\"https:\/\/schiri-boeblingen.de\/wp-content\/uploads\/2023\/09\/2023-07-27_Pressekonferenz-scaled.jpg\" target=\"_blank\" rel=\"noreferrer noopener\"><img loading=\"lazy\" decoding=\"async\" width=\"1024\" height=\"603\" src=\"https:\/\/schiri-boeblingen.de\/wp-content\/uploads\/2023\/09\/2023-07-27_Pressekonferenz-1024x603.jpg\" alt=\"\" class=\"wp-image-1966\" srcset=\"https:\/\/schiri-boeblingen.de\/wp-content\/uploads\/2023\/09\/2023-07-27_Pressekonferenz-1024x603.jpg 1024w, https:\/\/schiri-boeblingen.de\/wp-content\/uploads\/2023\/09\/2023-07-27_Pressekonferenz-300x177.jpg 300w, https:\/\/schiri-boeblingen.de\/wp-content\/uploads\/2023\/09\/2023-07-27_Pressekonferenz-768x452.jpg 768w, https:\/\/schiri-boeblingen.de\/wp-content\/uploads\/2023\/09\/2023-07-27_Pressekonferenz-1536x904.jpg 1536w, https:\/\/schiri-boeblingen.de\/wp-content\/uploads\/2023\/09\/2023-07-27_Pressekonferenz-2048x1205.jpg 2048w, https:\/\/schiri-boeblingen.de\/wp-content\/uploads\/2023\/09\/2023-07-27_Pressekonferenz-500x294.jpg 500w\" sizes=\"auto, (max-width: 1024px) 100vw, 1024px\" \/><\/a><\/figure>\n","protected":false},"excerpt":{"rendered":"<p>Am 27. Juli 2023 trafen sich Ausschuss und Leistungskader, F\u00f6rderkader, SRA-Kader sowie die Beobachter zur allj\u00e4hrlichen Besprechung auf dem Gel\u00e4nde des VfL Herrenberg. Der erste Teil wurde als Pressekonferenz abgehalten, die Artikel von G\u00e4ubote und Kreiszeitung k\u00f6nnen unter den Links &hellip; <a href=\"https:\/\/schiri-boeblingen.de\/?p=1965\">Weiterlesen <span class=\"meta-nav\">&rarr;<\/span><\/a><\/p>\n","protected":false},"author":2,"featured_media":0,"comment_status":"open","ping_status":"open","sticky":false,"template":"","format":"standard","meta":{"footnotes":""},"categories":[1],"tags":[],"class_list":["post-1965","post","type-post","status-publish","format-standard","hentry","category-allgemein"],"_links":{"self":[{"href":"https:\/\/schiri-boeblingen.de\/index.php?rest_route=\/wp\/v2\/posts\/1965","targetHints":{"allow":["GET"]}}],"collection":[{"href":"https:\/\/schiri-boeblingen.de\/index.php?rest_route=\/wp\/v2\/posts"}],"about":[{"href":"https:\/\/schiri-boeblingen.de\/index.php?rest_route=\/wp\/v2\/types\/post"}],"author":[{"embeddable":true,"href":"https:\/\/schiri-boeblingen.de\/index.php?rest_route=\/wp\/v2\/users\/2"}],"replies":[{"embeddable":true,"href":"https:\/\/schiri-boeblingen.de\/index.php?rest_route=%2Fwp%2Fv2%2Fcomments&post=1965"}],"version-history":[{"count":1,"href":"https:\/\/schiri-boeblingen.de\/index.php?rest_route=\/wp\/v2\/posts\/1965\/revisions"}],"predecessor-version":[{"id":1967,"href":"https:\/\/schiri-boeblingen.de\/index.php?rest_route=\/wp\/v2\/posts\/1965\/revisions\/1967"}],"wp:attachment":[{"href":"https:\/\/schiri-boeblingen.de\/index.php?rest_route=%2Fwp%2Fv2%2Fmedia&parent=1965"}],"wp:term":[{"taxonomy":"category","embeddable":true,"href":"https:\/\/schiri-boeblingen.de\/index.php?rest_route=%2Fwp%2Fv2%2Fcategories&post=1965"},{"taxonomy":"post_tag","embeddable":true,"href":"https:\/\/schiri-boeblingen.de\/index.php?rest_route=%2Fwp%2Fv2%2Ftags&post=1965"}],"curies":[{"name":"wp","href":"https:\/\/api.w.org\/{rel}","templated":true}]}}