{"id":1974,"date":"2023-10-05T22:00:00","date_gmt":"2023-10-05T20:00:00","guid":{"rendered":"http:\/\/schiri-boeblingen.de\/?p=1974"},"modified":"2023-10-08T09:15:59","modified_gmt":"2023-10-08T07:15:59","slug":"ehrungen-in-der-schulung-am-5-10-2023","status":"publish","type":"post","link":"https:\/\/schiri-boeblingen.de\/?p=1974","title":{"rendered":"Ehrungen in der Schulung am 5.10.2023"},"content":{"rendered":"\n<p>In unserer Pflichtschulung am 5. Oktober 2023 mit Lehrwart Hans-J\u00fcrgen Ferenz durften wir wieder verdiente Schiedsrichter ehren. <\/p>\n\n\n\n<p>F\u00fcr ihren langj\u00e4hrigen Einsatz als Schiedsrichter wurden geehrt:<\/p>\n\n\n\n<ul class=\"wp-block-list\">\n<li>Francesco Schiro (VfB Stuttgart) mit der silbernen Ehrennadel f\u00fcr 10 Jahre SRG B\u00f6blingen<\/li>\n\n\n\n<li>Helmut Inci (SpVgg Holzgerlingen) mit der goldenen Ehrennadel f\u00fcr 15 Jahre SRG B\u00f6blingen<\/li>\n\n\n\n<li>Ivica Ban (NK Zagreb Sindelfingen) mit der goldenen WFV-Ehrennadel f\u00fcr 25 Jahre Schiedsrichter<\/li>\n<\/ul>\n\n\n\n<p>Zu einem runden Geburtstag haben wir gratuliert:<\/p>\n\n\n\n<ul class=\"wp-block-list\">\n<li>Manfred Conrad (65)<\/li>\n\n\n\n<li>Karl-Heinz Schnell (75)<\/li>\n<\/ul>\n\n\n\n<figure class=\"wp-block-gallery has-nested-images columns-default is-cropped wp-block-gallery-1 is-layout-flex wp-block-gallery-is-layout-flex\">\n<figure class=\"wp-block-image size-large\"><a href=\"https:\/\/schiri-boeblingen.de\/wp-content\/uploads\/2023\/10\/2023-10-05_Geburtstage-scaled.jpeg\" target=\"_blank\" rel=\"noreferrer noopener\"><img loading=\"lazy\" decoding=\"async\" width=\"1013\" height=\"1024\" data-id=\"1976\" src=\"https:\/\/schiri-boeblingen.de\/wp-content\/uploads\/2023\/10\/2023-10-05_Geburtstage-1013x1024.jpeg\" alt=\"\" class=\"wp-image-1976\" srcset=\"https:\/\/schiri-boeblingen.de\/wp-content\/uploads\/2023\/10\/2023-10-05_Geburtstage-1013x1024.jpeg 1013w, https:\/\/schiri-boeblingen.de\/wp-content\/uploads\/2023\/10\/2023-10-05_Geburtstage-297x300.jpeg 297w, https:\/\/schiri-boeblingen.de\/wp-content\/uploads\/2023\/10\/2023-10-05_Geburtstage-768x776.jpeg 768w, https:\/\/schiri-boeblingen.de\/wp-content\/uploads\/2023\/10\/2023-10-05_Geburtstage-1520x1536.jpeg 1520w, https:\/\/schiri-boeblingen.de\/wp-content\/uploads\/2023\/10\/2023-10-05_Geburtstage-2027x2048.jpeg 2027w\" sizes=\"auto, (max-width: 1013px) 100vw, 1013px\" \/><\/a><figcaption class=\"wp-element-caption\">v.l.n.r.: Schnell, Conrad<\/figcaption><\/figure>\n\n\n\n<figure class=\"wp-block-image size-large\"><a href=\"https:\/\/schiri-boeblingen.de\/wp-content\/uploads\/2023\/10\/2023-10-05_Ehrungen-scaled.jpeg\" target=\"_blank\" rel=\"noreferrer noopener\"><img loading=\"lazy\" decoding=\"async\" width=\"1024\" height=\"899\" data-id=\"1975\" src=\"https:\/\/schiri-boeblingen.de\/wp-content\/uploads\/2023\/10\/2023-10-05_Ehrungen-1024x899.jpeg\" alt=\"\" class=\"wp-image-1975\" srcset=\"https:\/\/schiri-boeblingen.de\/wp-content\/uploads\/2023\/10\/2023-10-05_Ehrungen-1024x899.jpeg 1024w, https:\/\/schiri-boeblingen.de\/wp-content\/uploads\/2023\/10\/2023-10-05_Ehrungen-300x263.jpeg 300w, https:\/\/schiri-boeblingen.de\/wp-content\/uploads\/2023\/10\/2023-10-05_Ehrungen-768x674.jpeg 768w, https:\/\/schiri-boeblingen.de\/wp-content\/uploads\/2023\/10\/2023-10-05_Ehrungen-1536x1349.jpeg 1536w, https:\/\/schiri-boeblingen.de\/wp-content\/uploads\/2023\/10\/2023-10-05_Ehrungen-2048x1798.jpeg 2048w, https:\/\/schiri-boeblingen.de\/wp-content\/uploads\/2023\/10\/2023-10-05_Ehrungen-342x300.jpeg 342w\" sizes=\"auto, (max-width: 1024px) 100vw, 1024px\" \/><\/a><figcaption class=\"wp-element-caption\">v.l.n.r.: Inci, Ban, Schiro<\/figcaption><\/figure>\n<\/figure>\n\n\n\n<p>  <\/p>\n","protected":false},"excerpt":{"rendered":"<p>In unserer Pflichtschulung am 5. Oktober 2023 mit Lehrwart Hans-J\u00fcrgen Ferenz durften wir wieder verdiente Schiedsrichter ehren. F\u00fcr ihren langj\u00e4hrigen Einsatz als Schiedsrichter wurden geehrt: Zu einem runden Geburtstag haben wir gratuliert:<\/p>\n","protected":false},"author":2,"featured_media":0,"comment_status":"open","ping_status":"open","sticky":false,"template":"","format":"standard","meta":{"footnotes":""},"categories":[1],"tags":[],"class_list":["post-1974","post","type-post","status-publish","format-standard","hentry","category-allgemein"],"_links":{"self":[{"href":"https:\/\/schiri-boeblingen.de\/index.php?rest_route=\/wp\/v2\/posts\/1974","targetHints":{"allow":["GET"]}}],"collection":[{"href":"https:\/\/schiri-boeblingen.de\/index.php?rest_route=\/wp\/v2\/posts"}],"about":[{"href":"https:\/\/schiri-boeblingen.de\/index.php?rest_route=\/wp\/v2\/types\/post"}],"author":[{"embeddable":true,"href":"https:\/\/schiri-boeblingen.de\/index.php?rest_route=\/wp\/v2\/users\/2"}],"replies":[{"embeddable":true,"href":"https:\/\/schiri-boeblingen.de\/index.php?rest_route=%2Fwp%2Fv2%2Fcomments&post=1974"}],"version-history":[{"count":1,"href":"https:\/\/schiri-boeblingen.de\/index.php?rest_route=\/wp\/v2\/posts\/1974\/revisions"}],"predecessor-version":[{"id":1977,"href":"https:\/\/schiri-boeblingen.de\/index.php?rest_route=\/wp\/v2\/posts\/1974\/revisions\/1977"}],"wp:attachment":[{"href":"https:\/\/schiri-boeblingen.de\/index.php?rest_route=%2Fwp%2Fv2%2Fmedia&parent=1974"}],"wp:term":[{"taxonomy":"category","embeddable":true,"href":"https:\/\/schiri-boeblingen.de\/index.php?rest_route=%2Fwp%2Fv2%2Fcategories&post=1974"},{"taxonomy":"post_tag","embeddable":true,"href":"https:\/\/schiri-boeblingen.de\/index.php?rest_route=%2Fwp%2Fv2%2Ftags&post=1974"}],"curies":[{"name":"wp","href":"https:\/\/api.w.org\/{rel}","templated":true}]}}