{"id":2004,"date":"2023-11-24T10:00:00","date_gmt":"2023-11-24T09:00:00","guid":{"rendered":"http:\/\/schiri-boeblingen.de\/?p=2004"},"modified":"2023-12-28T09:50:17","modified_gmt":"2023-12-28T08:50:17","slug":"erste-hilfe-schulung-und-ehrungen-bei-der-srg-boeblingen-am-23-11-2023","status":"publish","type":"post","link":"https:\/\/schiri-boeblingen.de\/?p=2004","title":{"rendered":"Erste-Hilfe-Schulung und Ehrungen bei der SRG B\u00f6blingen am 23.11.2023"},"content":{"rendered":"\n<p>Am 23. November 2023 trafen sich die Schiedsrichter der SRG B\u00f6blingen zur letzten Pflichtschulung im Jahr 2023. Hier war nicht wie \u00fcblich ein Thema aus dem Schiedsrichterwesen geplant, dennoch kein minder wichtiges Thema f\u00fcr die Schiris: Es ging unter der Leitung vom ehemaligen Schiedsrichter Uli Keller aus Darmsheim um Erste Hilfe. Neben der Theorie zeigte Uli auch praktisch, wie man sich verhalten sollte, wenn Erste Hilfe ben\u00f6tigt wird. Vielen Dank Uli f\u00fcr diesen tollen Abend! <\/p>\n\n\n\n<figure class=\"wp-block-gallery has-nested-images columns-2 is-cropped wp-block-gallery-1 is-layout-flex wp-block-gallery-is-layout-flex\">\n<figure class=\"wp-block-image size-large\"><a href=\"https:\/\/schiri-boeblingen.de\/wp-content\/uploads\/2023\/12\/2023-11-23_Schulung-2-scaled.jpeg\"><img loading=\"lazy\" decoding=\"async\" width=\"768\" height=\"1024\" data-id=\"2002\" src=\"https:\/\/schiri-boeblingen.de\/wp-content\/uploads\/2023\/12\/2023-11-23_Schulung-2-768x1024.jpeg\" alt=\"\" class=\"wp-image-2002\" srcset=\"https:\/\/schiri-boeblingen.de\/wp-content\/uploads\/2023\/12\/2023-11-23_Schulung-2-768x1024.jpeg 768w, https:\/\/schiri-boeblingen.de\/wp-content\/uploads\/2023\/12\/2023-11-23_Schulung-2-225x300.jpeg 225w, https:\/\/schiri-boeblingen.de\/wp-content\/uploads\/2023\/12\/2023-11-23_Schulung-2-1152x1536.jpeg 1152w, https:\/\/schiri-boeblingen.de\/wp-content\/uploads\/2023\/12\/2023-11-23_Schulung-2-1536x2048.jpeg 1536w, https:\/\/schiri-boeblingen.de\/wp-content\/uploads\/2023\/12\/2023-11-23_Schulung-2-scaled.jpeg 1920w\" sizes=\"auto, (max-width: 768px) 100vw, 768px\" \/><\/a><figcaption class=\"wp-element-caption\">Uli bei der Arbeit<\/figcaption><\/figure>\n\n\n\n<figure class=\"wp-block-image size-large\"><a href=\"https:\/\/schiri-boeblingen.de\/wp-content\/uploads\/2023\/12\/2023-11-23_Schulung-3-scaled.jpeg\"><img loading=\"lazy\" decoding=\"async\" width=\"768\" height=\"1024\" data-id=\"2003\" src=\"https:\/\/schiri-boeblingen.de\/wp-content\/uploads\/2023\/12\/2023-11-23_Schulung-3-768x1024.jpeg\" alt=\"\" class=\"wp-image-2003\" srcset=\"https:\/\/schiri-boeblingen.de\/wp-content\/uploads\/2023\/12\/2023-11-23_Schulung-3-768x1024.jpeg 768w, https:\/\/schiri-boeblingen.de\/wp-content\/uploads\/2023\/12\/2023-11-23_Schulung-3-225x300.jpeg 225w, https:\/\/schiri-boeblingen.de\/wp-content\/uploads\/2023\/12\/2023-11-23_Schulung-3-1152x1536.jpeg 1152w, https:\/\/schiri-boeblingen.de\/wp-content\/uploads\/2023\/12\/2023-11-23_Schulung-3-1536x2048.jpeg 1536w, https:\/\/schiri-boeblingen.de\/wp-content\/uploads\/2023\/12\/2023-11-23_Schulung-3-scaled.jpeg 1920w\" sizes=\"auto, (max-width: 768px) 100vw, 768px\" \/><\/a><figcaption class=\"wp-element-caption\">Uli an der Versuchspuppe<\/figcaption><\/figure>\n\n\n\n<figure class=\"wp-block-image size-large\"><a href=\"https:\/\/schiri-boeblingen.de\/wp-content\/uploads\/2023\/12\/2023-11-23_Schulung-1-scaled.jpeg\"><img loading=\"lazy\" decoding=\"async\" width=\"1024\" height=\"768\" data-id=\"2001\" src=\"https:\/\/schiri-boeblingen.de\/wp-content\/uploads\/2023\/12\/2023-11-23_Schulung-1-1024x768.jpeg\" alt=\"\" class=\"wp-image-2001\" srcset=\"https:\/\/schiri-boeblingen.de\/wp-content\/uploads\/2023\/12\/2023-11-23_Schulung-1-1024x768.jpeg 1024w, https:\/\/schiri-boeblingen.de\/wp-content\/uploads\/2023\/12\/2023-11-23_Schulung-1-300x225.jpeg 300w, https:\/\/schiri-boeblingen.de\/wp-content\/uploads\/2023\/12\/2023-11-23_Schulung-1-768x576.jpeg 768w, https:\/\/schiri-boeblingen.de\/wp-content\/uploads\/2023\/12\/2023-11-23_Schulung-1-1536x1152.jpeg 1536w, https:\/\/schiri-boeblingen.de\/wp-content\/uploads\/2023\/12\/2023-11-23_Schulung-1-2048x1536.jpeg 2048w, https:\/\/schiri-boeblingen.de\/wp-content\/uploads\/2023\/12\/2023-11-23_Schulung-1-400x300.jpeg 400w\" sizes=\"auto, (max-width: 1024px) 100vw, 1024px\" \/><\/a><figcaption class=\"wp-element-caption\">Die gut besuchte Schulung<\/figcaption><\/figure>\n<\/figure>\n\n\n\n<p>Aber keine Schulung ohne Ehrungen und so wurden nach Ulis Referat noch die Ehrungen der SRG B\u00f6blingen durchgef\u00fchrt f\u00fcr:<\/p>\n\n\n\n<ul class=\"wp-block-list\">\n<li>5 Jahre Schiedsrichtergruppe B\u00f6blingen: Michael Ruoff (TSV Kuppingen)<\/li>\n\n\n\n<li>10 Jahre Schiedsrichtergruppe B\u00f6blingen: Julian Gack (VfL Herrenberg) <\/li>\n\n\n\n<li>15 Jahre Schiedsrichtergruppe B\u00f6blingen: Helmut Inci (Spvgg Holzgerlingen), Nermin Loncaric (FV Radnik Sindelfingen) und Achim W\u00f6hr (TSV Hildrizhausen)<\/li>\n\n\n\n<li>25 Jahre Schiedsrichter: Mladen Kvesic (VfL Sindelfingen)<\/li>\n<\/ul>\n\n\n\n<p>Zudem bekam Reiner Renz vom VfL Oberjettingen zu seinem 60. Geburtstag einen Geschenkkorb \u00fcberreicht. <\/p>\n\n\n\n<figure class=\"wp-block-gallery has-nested-images columns-2 is-cropped wp-block-gallery-2 is-layout-flex wp-block-gallery-is-layout-flex\">\n<figure class=\"wp-block-image size-large\"><a href=\"https:\/\/schiri-boeblingen.de\/wp-content\/uploads\/2023\/12\/2023-11-23_Ehrung_Ruoff-scaled.jpeg\"><img loading=\"lazy\" decoding=\"async\" width=\"1024\" height=\"768\" data-id=\"2000\" src=\"https:\/\/schiri-boeblingen.de\/wp-content\/uploads\/2023\/12\/2023-11-23_Ehrung_Ruoff-1024x768.jpeg\" alt=\"\" class=\"wp-image-2000\" srcset=\"https:\/\/schiri-boeblingen.de\/wp-content\/uploads\/2023\/12\/2023-11-23_Ehrung_Ruoff-1024x768.jpeg 1024w, https:\/\/schiri-boeblingen.de\/wp-content\/uploads\/2023\/12\/2023-11-23_Ehrung_Ruoff-300x225.jpeg 300w, https:\/\/schiri-boeblingen.de\/wp-content\/uploads\/2023\/12\/2023-11-23_Ehrung_Ruoff-768x576.jpeg 768w, https:\/\/schiri-boeblingen.de\/wp-content\/uploads\/2023\/12\/2023-11-23_Ehrung_Ruoff-1536x1152.jpeg 1536w, https:\/\/schiri-boeblingen.de\/wp-content\/uploads\/2023\/12\/2023-11-23_Ehrung_Ruoff-2048x1536.jpeg 2048w, https:\/\/schiri-boeblingen.de\/wp-content\/uploads\/2023\/12\/2023-11-23_Ehrung_Ruoff-400x300.jpeg 400w\" sizes=\"auto, (max-width: 1024px) 100vw, 1024px\" \/><\/a><figcaption class=\"wp-element-caption\">Michael Ruoff (li.)<\/figcaption><\/figure>\n\n\n\n<figure class=\"wp-block-image size-large\"><a href=\"https:\/\/schiri-boeblingen.de\/wp-content\/uploads\/2023\/12\/2023-11-23_Ehrung_Gack-scaled.jpeg\"><img loading=\"lazy\" decoding=\"async\" width=\"1024\" height=\"768\" data-id=\"1996\" src=\"https:\/\/schiri-boeblingen.de\/wp-content\/uploads\/2023\/12\/2023-11-23_Ehrung_Gack-1024x768.jpeg\" alt=\"\" class=\"wp-image-1996\" srcset=\"https:\/\/schiri-boeblingen.de\/wp-content\/uploads\/2023\/12\/2023-11-23_Ehrung_Gack-1024x768.jpeg 1024w, https:\/\/schiri-boeblingen.de\/wp-content\/uploads\/2023\/12\/2023-11-23_Ehrung_Gack-300x225.jpeg 300w, https:\/\/schiri-boeblingen.de\/wp-content\/uploads\/2023\/12\/2023-11-23_Ehrung_Gack-768x576.jpeg 768w, https:\/\/schiri-boeblingen.de\/wp-content\/uploads\/2023\/12\/2023-11-23_Ehrung_Gack-1536x1152.jpeg 1536w, https:\/\/schiri-boeblingen.de\/wp-content\/uploads\/2023\/12\/2023-11-23_Ehrung_Gack-2048x1536.jpeg 2048w, https:\/\/schiri-boeblingen.de\/wp-content\/uploads\/2023\/12\/2023-11-23_Ehrung_Gack-400x300.jpeg 400w\" sizes=\"auto, (max-width: 1024px) 100vw, 1024px\" \/><\/a><figcaption class=\"wp-element-caption\">Julian Gack (li.)<\/figcaption><\/figure>\n\n\n\n<figure class=\"wp-block-image size-large\"><a href=\"https:\/\/schiri-boeblingen.de\/wp-content\/uploads\/2023\/12\/2023-11-23_Ehrung_Kvesic-scaled.jpeg\"><img loading=\"lazy\" decoding=\"async\" width=\"1024\" height=\"768\" data-id=\"1998\" src=\"https:\/\/schiri-boeblingen.de\/wp-content\/uploads\/2023\/12\/2023-11-23_Ehrung_Kvesic-1024x768.jpeg\" alt=\"\" class=\"wp-image-1998\" srcset=\"https:\/\/schiri-boeblingen.de\/wp-content\/uploads\/2023\/12\/2023-11-23_Ehrung_Kvesic-1024x768.jpeg 1024w, https:\/\/schiri-boeblingen.de\/wp-content\/uploads\/2023\/12\/2023-11-23_Ehrung_Kvesic-300x225.jpeg 300w, https:\/\/schiri-boeblingen.de\/wp-content\/uploads\/2023\/12\/2023-11-23_Ehrung_Kvesic-768x576.jpeg 768w, https:\/\/schiri-boeblingen.de\/wp-content\/uploads\/2023\/12\/2023-11-23_Ehrung_Kvesic-1536x1152.jpeg 1536w, https:\/\/schiri-boeblingen.de\/wp-content\/uploads\/2023\/12\/2023-11-23_Ehrung_Kvesic-2048x1536.jpeg 2048w, https:\/\/schiri-boeblingen.de\/wp-content\/uploads\/2023\/12\/2023-11-23_Ehrung_Kvesic-400x300.jpeg 400w\" sizes=\"auto, (max-width: 1024px) 100vw, 1024px\" \/><\/a><figcaption class=\"wp-element-caption\">Mladen Kvesic (li.)<\/figcaption><\/figure>\n\n\n\n<figure class=\"wp-block-image size-large\"><a href=\"https:\/\/schiri-boeblingen.de\/wp-content\/uploads\/2023\/12\/2023-11-23_Ehrung_Renz-scaled.jpeg\"><img loading=\"lazy\" decoding=\"async\" width=\"1024\" height=\"768\" data-id=\"1999\" src=\"https:\/\/schiri-boeblingen.de\/wp-content\/uploads\/2023\/12\/2023-11-23_Ehrung_Renz-1024x768.jpeg\" alt=\"\" class=\"wp-image-1999\" srcset=\"https:\/\/schiri-boeblingen.de\/wp-content\/uploads\/2023\/12\/2023-11-23_Ehrung_Renz-1024x768.jpeg 1024w, https:\/\/schiri-boeblingen.de\/wp-content\/uploads\/2023\/12\/2023-11-23_Ehrung_Renz-300x225.jpeg 300w, https:\/\/schiri-boeblingen.de\/wp-content\/uploads\/2023\/12\/2023-11-23_Ehrung_Renz-768x576.jpeg 768w, https:\/\/schiri-boeblingen.de\/wp-content\/uploads\/2023\/12\/2023-11-23_Ehrung_Renz-1536x1152.jpeg 1536w, https:\/\/schiri-boeblingen.de\/wp-content\/uploads\/2023\/12\/2023-11-23_Ehrung_Renz-2048x1536.jpeg 2048w, https:\/\/schiri-boeblingen.de\/wp-content\/uploads\/2023\/12\/2023-11-23_Ehrung_Renz-400x300.jpeg 400w\" sizes=\"auto, (max-width: 1024px) 100vw, 1024px\" \/><\/a><figcaption class=\"wp-element-caption\">Reiner Renz (li.)<\/figcaption><\/figure>\n\n\n\n<figure class=\"wp-block-image size-large\"><a href=\"https:\/\/schiri-boeblingen.de\/wp-content\/uploads\/2023\/12\/2023-11-23_Ehrung_Inci_Loncaric_Woehr-scaled.jpeg\"><img loading=\"lazy\" decoding=\"async\" width=\"1024\" height=\"768\" data-id=\"1997\" src=\"https:\/\/schiri-boeblingen.de\/wp-content\/uploads\/2023\/12\/2023-11-23_Ehrung_Inci_Loncaric_Woehr-1024x768.jpeg\" alt=\"\" class=\"wp-image-1997\" srcset=\"https:\/\/schiri-boeblingen.de\/wp-content\/uploads\/2023\/12\/2023-11-23_Ehrung_Inci_Loncaric_Woehr-1024x768.jpeg 1024w, https:\/\/schiri-boeblingen.de\/wp-content\/uploads\/2023\/12\/2023-11-23_Ehrung_Inci_Loncaric_Woehr-300x225.jpeg 300w, https:\/\/schiri-boeblingen.de\/wp-content\/uploads\/2023\/12\/2023-11-23_Ehrung_Inci_Loncaric_Woehr-768x576.jpeg 768w, https:\/\/schiri-boeblingen.de\/wp-content\/uploads\/2023\/12\/2023-11-23_Ehrung_Inci_Loncaric_Woehr-1536x1152.jpeg 1536w, https:\/\/schiri-boeblingen.de\/wp-content\/uploads\/2023\/12\/2023-11-23_Ehrung_Inci_Loncaric_Woehr-2048x1536.jpeg 2048w, https:\/\/schiri-boeblingen.de\/wp-content\/uploads\/2023\/12\/2023-11-23_Ehrung_Inci_Loncaric_Woehr-400x300.jpeg 400w\" sizes=\"auto, (max-width: 1024px) 100vw, 1024px\" \/><\/a><figcaption class=\"wp-element-caption\">Helmut Inci, Nermin Loncaric und Achim W\u00f6hr (v.l.n.r.)<\/figcaption><\/figure>\n<\/figure>\n","protected":false},"excerpt":{"rendered":"<p>Am 23. November 2023 trafen sich die Schiedsrichter der SRG B\u00f6blingen zur letzten Pflichtschulung im Jahr 2023. Hier war nicht wie \u00fcblich ein Thema aus dem Schiedsrichterwesen geplant, dennoch kein minder wichtiges Thema f\u00fcr die Schiris: Es ging unter der &hellip; <a href=\"https:\/\/schiri-boeblingen.de\/?p=2004\">Weiterlesen <span class=\"meta-nav\">&rarr;<\/span><\/a><\/p>\n","protected":false},"author":2,"featured_media":0,"comment_status":"open","ping_status":"open","sticky":false,"template":"","format":"standard","meta":{"footnotes":""},"categories":[1],"tags":[],"class_list":["post-2004","post","type-post","status-publish","format-standard","hentry","category-allgemein"],"_links":{"self":[{"href":"https:\/\/schiri-boeblingen.de\/index.php?rest_route=\/wp\/v2\/posts\/2004","targetHints":{"allow":["GET"]}}],"collection":[{"href":"https:\/\/schiri-boeblingen.de\/index.php?rest_route=\/wp\/v2\/posts"}],"about":[{"href":"https:\/\/schiri-boeblingen.de\/index.php?rest_route=\/wp\/v2\/types\/post"}],"author":[{"embeddable":true,"href":"https:\/\/schiri-boeblingen.de\/index.php?rest_route=\/wp\/v2\/users\/2"}],"replies":[{"embeddable":true,"href":"https:\/\/schiri-boeblingen.de\/index.php?rest_route=%2Fwp%2Fv2%2Fcomments&post=2004"}],"version-history":[{"count":1,"href":"https:\/\/schiri-boeblingen.de\/index.php?rest_route=\/wp\/v2\/posts\/2004\/revisions"}],"predecessor-version":[{"id":2005,"href":"https:\/\/schiri-boeblingen.de\/index.php?rest_route=\/wp\/v2\/posts\/2004\/revisions\/2005"}],"wp:attachment":[{"href":"https:\/\/schiri-boeblingen.de\/index.php?rest_route=%2Fwp%2Fv2%2Fmedia&parent=2004"}],"wp:term":[{"taxonomy":"category","embeddable":true,"href":"https:\/\/schiri-boeblingen.de\/index.php?rest_route=%2Fwp%2Fv2%2Fcategories&post=2004"},{"taxonomy":"post_tag","embeddable":true,"href":"https:\/\/schiri-boeblingen.de\/index.php?rest_route=%2Fwp%2Fv2%2Ftags&post=2004"}],"curies":[{"name":"wp","href":"https:\/\/api.w.org\/{rel}","templated":true}]}}