{"id":520,"date":"2018-07-02T07:01:23","date_gmt":"2018-07-02T05:01:23","guid":{"rendered":"http:\/\/schiri-boeblingen.de\/?p=520"},"modified":"2018-07-03T06:46:37","modified_gmt":"2018-07-03T04:46:37","slug":"ralf-lalka-erhaelt-die-wfv-ehrennadel-in-bronze","status":"publish","type":"post","link":"https:\/\/schiri-boeblingen.de\/?p=520","title":{"rendered":"Ralf Lalka erh\u00e4lt die WFV-Ehrennadel in Bronze"},"content":{"rendered":"<p>Als Schiedsrichter hat <strong>Ralf Lalka<\/strong> bereits viele Ehrungen erhalten, so hat er doch 2016 die Grenze von 2000 geleiteten Spielen \u00fcberschritten. Neben den gruppeninternen Ehrungen (Ehrennadel in Bronze, Silber und Gold) bekam Ralf eben diese Farben der Ehrennadeln auch vom WFV f\u00fcr seine Schiedsrichter-T\u00e4tigkeit. Seit 2007 ist Ralf f\u00fcr die Gruppe B\u00f6blingen aber auch als Lehrwart im Verbandsgebiet unterwegs, zudem ist er in der Verbands- und Landesliga der erste Video-Coacher gewesen. Ihn begeistert die Entwicklung des Futsal, die er auch in seiner heimischen Gruppe weitertr\u00e4gt. Auch Ralf ist es zu verdanken, dass die Gruppe B\u00f6blingen im Futsal-Verbandskader so zahlreich vertreten ist.<\/p>\n<p>Ralf bekam am 16. Juni 2018 von\u00a0Verbandsschiedsrichter-Obmann Giuseppe Palilla (links) und Verbandsschiedsrichter-Lehrwart Horst Ebel (rechts) die WFV-Ehrennadel in Bronze verliehen. Wir gratulieren Ralf f\u00fcr diese tolle Auszeichnung recht herzlich!<\/p>\n<p><a href=\"https:\/\/schiri-boeblingen.de\/wp-content\/uploads\/2018\/07\/2018_Lalka_WFV_Ehrennadel.jpg\"><img loading=\"lazy\" decoding=\"async\" class=\"alignleft wp-image-522 size-medium\" src=\"https:\/\/schiri-boeblingen.de\/wp-content\/uploads\/2018\/07\/2018_Lalka_WFV_Ehrennadel-247x300.jpg\" alt=\"\" width=\"247\" height=\"300\" srcset=\"https:\/\/schiri-boeblingen.de\/wp-content\/uploads\/2018\/07\/2018_Lalka_WFV_Ehrennadel-247x300.jpg 247w, https:\/\/schiri-boeblingen.de\/wp-content\/uploads\/2018\/07\/2018_Lalka_WFV_Ehrennadel-768x933.jpg 768w, https:\/\/schiri-boeblingen.de\/wp-content\/uploads\/2018\/07\/2018_Lalka_WFV_Ehrennadel-843x1024.jpg 843w, https:\/\/schiri-boeblingen.de\/wp-content\/uploads\/2018\/07\/2018_Lalka_WFV_Ehrennadel.jpg 1512w\" sizes=\"auto, (max-width: 247px) 100vw, 247px\" \/><\/a><\/p>\n","protected":false},"excerpt":{"rendered":"<p>Als Schiedsrichter hat Ralf Lalka bereits viele Ehrungen erhalten, so hat er doch 2016 die Grenze von 2000 geleiteten Spielen \u00fcberschritten. Neben den gruppeninternen Ehrungen (Ehrennadel in Bronze, Silber und Gold) bekam Ralf eben diese Farben der Ehrennadeln auch vom &hellip; <a href=\"https:\/\/schiri-boeblingen.de\/?p=520\">Weiterlesen <span class=\"meta-nav\">&rarr;<\/span><\/a><\/p>\n","protected":false},"author":2,"featured_media":0,"comment_status":"open","ping_status":"open","sticky":false,"template":"","format":"standard","meta":{"footnotes":""},"categories":[1],"tags":[],"class_list":["post-520","post","type-post","status-publish","format-standard","hentry","category-allgemein"],"_links":{"self":[{"href":"https:\/\/schiri-boeblingen.de\/index.php?rest_route=\/wp\/v2\/posts\/520","targetHints":{"allow":["GET"]}}],"collection":[{"href":"https:\/\/schiri-boeblingen.de\/index.php?rest_route=\/wp\/v2\/posts"}],"about":[{"href":"https:\/\/schiri-boeblingen.de\/index.php?rest_route=\/wp\/v2\/types\/post"}],"author":[{"embeddable":true,"href":"https:\/\/schiri-boeblingen.de\/index.php?rest_route=\/wp\/v2\/users\/2"}],"replies":[{"embeddable":true,"href":"https:\/\/schiri-boeblingen.de\/index.php?rest_route=%2Fwp%2Fv2%2Fcomments&post=520"}],"version-history":[{"count":3,"href":"https:\/\/schiri-boeblingen.de\/index.php?rest_route=\/wp\/v2\/posts\/520\/revisions"}],"predecessor-version":[{"id":539,"href":"https:\/\/schiri-boeblingen.de\/index.php?rest_route=\/wp\/v2\/posts\/520\/revisions\/539"}],"wp:attachment":[{"href":"https:\/\/schiri-boeblingen.de\/index.php?rest_route=%2Fwp%2Fv2%2Fmedia&parent=520"}],"wp:term":[{"taxonomy":"category","embeddable":true,"href":"https:\/\/schiri-boeblingen.de\/index.php?rest_route=%2Fwp%2Fv2%2Fcategories&post=520"},{"taxonomy":"post_tag","embeddable":true,"href":"https:\/\/schiri-boeblingen.de\/index.php?rest_route=%2Fwp%2Fv2%2Ftags&post=520"}],"curies":[{"name":"wp","href":"https:\/\/api.w.org\/{rel}","templated":true}]}}