{"id":732,"date":"2019-01-21T06:40:46","date_gmt":"2019-01-21T05:40:46","guid":{"rendered":"http:\/\/schiri-boeblingen.de\/?p=732"},"modified":"2019-01-21T06:40:46","modified_gmt":"2019-01-21T05:40:46","slug":"boeblinger-schiedsrichter-bei-der-futsal-champions-league-der-gehoerlosen","status":"publish","type":"post","link":"https:\/\/schiri-boeblingen.de\/?p=732","title":{"rendered":"B\u00f6blinger Schiedsrichter bei der Futsal Champions League der Geh\u00f6rlosen"},"content":{"rendered":"<p><em>Ein Bericht von Michael J\u00f6rg<\/em><\/p>\n<p>Mit gut einem halben Jahr Vorbereitungszeit wurden wir f\u00fcr die DCL (Organisation im Geh\u00f6rlosensport) als <strong>Futsalschiedsrichter<\/strong> f\u00fcr die im Januar in Stuttgart stattgefunden Futsal Champions League qualifiziert.<\/p>\n<p>Neben einem Lehrgang in Ruit (mit vielen anderen Futsalschiedsrichtern), lie\u00df uns das Coaching Team um Reiner Bergmann (Baiersbronn) Videoszenen und Administratives zum Selbststudium zukommen.<\/p>\n<p>Zum kompletten Futsal-Schiedsrichter-Kader f\u00fcr die Woche vom 2. bis 6. Januar geh\u00f6rten 30 Schiedsrichter (inklusive 4 Coaches und 4 weiblichen Schiedsrichtern), sowie 4 geh\u00f6rlose SR, die jedoch die DCL selbst stellte.<\/p>\n<p>Neben Patrick Stephany und mir geh\u00f6rten dem Bezirk BB\/CW noch Christine Gieron und Vincent Sch\u00f6ller an.<\/p>\n<p>Jedes zweier Team pfiff pro Tag im Schnitt zwei Spiele. In der Vorrunde betrug die Spielzeit 2&#215;20 Minuten brutto. Ab den K.O.-Spielen wurde die Spielzeit auf 2&#215;20 Minuten netto erh\u00f6ht und jedes Schiedsrichter Team bestand zus\u00e4tzlich zu den zwei Feldschiedsrichtern noch aus einem 3. Offiziellen und dem Zeitnehmer. Insgesamt nahmen 20 Herren- und 11 Damenteams aus ganz Europa an dieser mehrt\u00e4gigen Veranstaltung teil. Gespielt wurde dabei in 5 verschiedenen Hallen im direkten Stuttgarter Umfeld. Die Halbfinalspiele sowie die Finale wurden dabei in der gr\u00f6\u00dferen Scharrena innerhalb der Mercedes-Benz Arena ausgespielt.<\/p>\n<p>Die Pfeife wurde als Besonderheit komplett durch angepasste Fahnenzeichen ersetzt. Idealerweise konnten wir zus\u00e4tzlich auf das Headset zur\u00fcckgreifen, was uns so eine einfachere Kommunikation untereinander m\u00f6glich machte. Das Niveau der Spiele war \u00fcberdurchschnittlich gut. Auch wenn es in der Hinrunde das ein oder andere Kanterergebnis durchaus gab.<\/p>\n<p>Insgesamt leiteten Patrick und ich 7 Spiele gemeinsam. Zum Highlight geh\u00f6rten sicherlich die beiden Halbfinalspiele der Herren sowie mein Finaleinsatz bei den Frauen vor ca. 1000 Zuschauern in der Scharrena.<\/p>\n<p>Nicht nur das Auftreten der Schiedsrichter auf dem Platz w\u00e4hrend der Spiele war vorbildlich, sondern auch die Kameradschaft untereinander. So konnten durchaus positive Kontakte zwischen den Schiedsrichtergruppen gekn\u00fcpft und intensiviert werden.<\/p>\n<p>Diese Woche war zwar mit Arbeitsaufwand verkn\u00fcpft, doch war sie eine rundum positive Erfahrung und eine spannende Geschichte.<\/p>\n<p>Ein besonderer Dank geht dabei noch an Reiner Bergmann f\u00fcr die super Organisation und den betriebenen Aufwand, sowie an den WFV, speziell an Christine Z\u00f6ller, Thomas Proksch und Jos\u00e9 Macias f\u00fcr die Organisation, die Durchf\u00fchrung und die Verkn\u00fcpfung mit der DCL.<\/p>\n\n\t\t<style type=\"text\/css\">\n\t\t\t#gallery-1 {\n\t\t\t\tmargin: auto;\n\t\t\t}\n\t\t\t#gallery-1 .gallery-item {\n\t\t\t\tfloat: left;\n\t\t\t\tmargin-top: 10px;\n\t\t\t\ttext-align: center;\n\t\t\t\twidth: 33%;\n\t\t\t}\n\t\t\t#gallery-1 img {\n\t\t\t\tborder: 2px solid #cfcfcf;\n\t\t\t}\n\t\t\t#gallery-1 .gallery-caption {\n\t\t\t\tmargin-left: 0;\n\t\t\t}\n\t\t\t\/* see gallery_shortcode() in wp-includes\/media.php *\/\n\t\t<\/style>\n\t\t<div id='gallery-1' class='gallery galleryid-732 gallery-columns-3 gallery-size-thumbnail'><dl class='gallery-item'>\n\t\t\t<dt class='gallery-icon landscape'>\n\t\t\t\t<a href='https:\/\/schiri-boeblingen.de\/wp-content\/uploads\/2019\/01\/DCL_2019-06.jpg'><img loading=\"lazy\" decoding=\"async\" width=\"150\" height=\"150\" src=\"https:\/\/schiri-boeblingen.de\/wp-content\/uploads\/2019\/01\/DCL_2019-06-150x150.jpg\" class=\"attachment-thumbnail size-thumbnail\" alt=\"\" \/><\/a>\n\t\t\t<\/dt><\/dl><dl class='gallery-item'>\n\t\t\t<dt class='gallery-icon landscape'>\n\t\t\t\t<a href='https:\/\/schiri-boeblingen.de\/wp-content\/uploads\/2019\/01\/DCL_2019-05.jpeg'><img loading=\"lazy\" decoding=\"async\" width=\"150\" height=\"150\" src=\"https:\/\/schiri-boeblingen.de\/wp-content\/uploads\/2019\/01\/DCL_2019-05-150x150.jpeg\" class=\"attachment-thumbnail size-thumbnail\" alt=\"\" \/><\/a>\n\t\t\t<\/dt><\/dl><dl class='gallery-item'>\n\t\t\t<dt class='gallery-icon landscape'>\n\t\t\t\t<a href='https:\/\/schiri-boeblingen.de\/wp-content\/uploads\/2019\/01\/DCL_2019-04.jpeg'><img loading=\"lazy\" decoding=\"async\" width=\"150\" height=\"150\" src=\"https:\/\/schiri-boeblingen.de\/wp-content\/uploads\/2019\/01\/DCL_2019-04-150x150.jpeg\" class=\"attachment-thumbnail size-thumbnail\" alt=\"\" \/><\/a>\n\t\t\t<\/dt><\/dl><br style=\"clear: both\" \/><dl class='gallery-item'>\n\t\t\t<dt class='gallery-icon portrait'>\n\t\t\t\t<a href='https:\/\/schiri-boeblingen.de\/wp-content\/uploads\/2019\/01\/DCL_2019-03.jpeg'><img loading=\"lazy\" decoding=\"async\" width=\"150\" height=\"150\" src=\"https:\/\/schiri-boeblingen.de\/wp-content\/uploads\/2019\/01\/DCL_2019-03-150x150.jpeg\" class=\"attachment-thumbnail size-thumbnail\" alt=\"\" \/><\/a>\n\t\t\t<\/dt><\/dl><dl class='gallery-item'>\n\t\t\t<dt class='gallery-icon landscape'>\n\t\t\t\t<a href='https:\/\/schiri-boeblingen.de\/wp-content\/uploads\/2019\/01\/DCL_2019-02.jpeg'><img loading=\"lazy\" decoding=\"async\" width=\"150\" height=\"150\" src=\"https:\/\/schiri-boeblingen.de\/wp-content\/uploads\/2019\/01\/DCL_2019-02-150x150.jpeg\" class=\"attachment-thumbnail size-thumbnail\" alt=\"\" \/><\/a>\n\t\t\t<\/dt><\/dl><dl class='gallery-item'>\n\t\t\t<dt class='gallery-icon landscape'>\n\t\t\t\t<a href='https:\/\/schiri-boeblingen.de\/wp-content\/uploads\/2019\/01\/DCL_2019-01.jpeg'><img loading=\"lazy\" decoding=\"async\" width=\"150\" height=\"150\" src=\"https:\/\/schiri-boeblingen.de\/wp-content\/uploads\/2019\/01\/DCL_2019-01-150x150.jpeg\" class=\"attachment-thumbnail size-thumbnail\" alt=\"\" \/><\/a>\n\t\t\t<\/dt><\/dl><br style=\"clear: both\" \/><dl class='gallery-item'>\n\t\t\t<dt class='gallery-icon portrait'>\n\t\t\t\t<a href='https:\/\/schiri-boeblingen.de\/wp-content\/uploads\/2019\/01\/DCL_2019-07.jpg'><img loading=\"lazy\" decoding=\"async\" width=\"150\" height=\"150\" src=\"https:\/\/schiri-boeblingen.de\/wp-content\/uploads\/2019\/01\/DCL_2019-07-150x150.jpg\" class=\"attachment-thumbnail size-thumbnail\" alt=\"\" \/><\/a>\n\t\t\t<\/dt><\/dl>\n\t\t\t<br style='clear: both' \/>\n\t\t<\/div>\n\n","protected":false},"excerpt":{"rendered":"<p>Ein Bericht von Michael J\u00f6rg Mit gut einem halben Jahr Vorbereitungszeit wurden wir f\u00fcr die DCL (Organisation im Geh\u00f6rlosensport) als Futsalschiedsrichter f\u00fcr die im Januar in Stuttgart stattgefunden Futsal Champions League qualifiziert. Neben einem Lehrgang in Ruit (mit vielen anderen &hellip; <a href=\"https:\/\/schiri-boeblingen.de\/?p=732\">Weiterlesen <span class=\"meta-nav\">&rarr;<\/span><\/a><\/p>\n","protected":false},"author":2,"featured_media":0,"comment_status":"open","ping_status":"open","sticky":false,"template":"","format":"standard","meta":{"footnotes":""},"categories":[7,11],"tags":[],"class_list":["post-732","post","type-post","status-publish","format-standard","hentry","category-futsal","category-gruppe"],"_links":{"self":[{"href":"https:\/\/schiri-boeblingen.de\/index.php?rest_route=\/wp\/v2\/posts\/732","targetHints":{"allow":["GET"]}}],"collection":[{"href":"https:\/\/schiri-boeblingen.de\/index.php?rest_route=\/wp\/v2\/posts"}],"about":[{"href":"https:\/\/schiri-boeblingen.de\/index.php?rest_route=\/wp\/v2\/types\/post"}],"author":[{"embeddable":true,"href":"https:\/\/schiri-boeblingen.de\/index.php?rest_route=\/wp\/v2\/users\/2"}],"replies":[{"embeddable":true,"href":"https:\/\/schiri-boeblingen.de\/index.php?rest_route=%2Fwp%2Fv2%2Fcomments&post=732"}],"version-history":[{"count":1,"href":"https:\/\/schiri-boeblingen.de\/index.php?rest_route=\/wp\/v2\/posts\/732\/revisions"}],"predecessor-version":[{"id":733,"href":"https:\/\/schiri-boeblingen.de\/index.php?rest_route=\/wp\/v2\/posts\/732\/revisions\/733"}],"wp:attachment":[{"href":"https:\/\/schiri-boeblingen.de\/index.php?rest_route=%2Fwp%2Fv2%2Fmedia&parent=732"}],"wp:term":[{"taxonomy":"category","embeddable":true,"href":"https:\/\/schiri-boeblingen.de\/index.php?rest_route=%2Fwp%2Fv2%2Fcategories&post=732"},{"taxonomy":"post_tag","embeddable":true,"href":"https:\/\/schiri-boeblingen.de\/index.php?rest_route=%2Fwp%2Fv2%2Ftags&post=732"}],"curies":[{"name":"wp","href":"https:\/\/api.w.org\/{rel}","templated":true}]}}