{"id":764,"date":"2019-03-07T07:01:33","date_gmt":"2019-03-07T06:01:33","guid":{"rendered":"http:\/\/schiri-boeblingen.de\/?p=764"},"modified":"2019-06-28T10:05:45","modified_gmt":"2019-06-28T08:05:45","slug":"schiedsrichter-des-sv-nufringen-in-der-presse","status":"publish","type":"post","link":"https:\/\/schiri-boeblingen.de\/?p=764","title":{"rendered":"Schiedsrichter des SV Nufringen in der Presse"},"content":{"rendered":"<p>Der SV Nufringen hat \u00fcber die letzten Jahre die Anzahl seiner Schiedsrichter signifikant vergr\u00f6\u00dfert. Das ist auch der hiesigen Presse nicht unerkannt geblieben und hat ihnen daher am 28. Februar einen eigenen Artikel gewidmet, den <a href=\"https:\/\/www.gaeubote.de\/index.php?c=&amp;kat=94&amp;red=24&amp;archiv=1&amp;artikel=111673570&amp;x=724\" target=\"_blank\" rel=\"noopener noreferrer\">hier<\/a> oder <a href=\"https:\/\/schiri-boeblingen.de\/wp-content\/uploads\/2019\/03\/2019-02-28_Schiris_SV_Nufringen_G\u00e4ubote.pdf\" target=\"_blank\" rel=\"noopener noreferrer\">hier<\/a> nachgelesen werden kann.<\/p>\n","protected":false},"excerpt":{"rendered":"<p>Der SV Nufringen hat \u00fcber die letzten Jahre die Anzahl seiner Schiedsrichter signifikant vergr\u00f6\u00dfert. Das ist auch der hiesigen Presse nicht unerkannt geblieben und hat ihnen daher am 28. Februar einen eigenen Artikel gewidmet, den hier oder hier nachgelesen werden &hellip; <a href=\"https:\/\/schiri-boeblingen.de\/?p=764\">Weiterlesen <span class=\"meta-nav\">&rarr;<\/span><\/a><\/p>\n","protected":false},"author":2,"featured_media":0,"comment_status":"open","ping_status":"open","sticky":false,"template":"","format":"standard","meta":{"footnotes":""},"categories":[1,11,3],"tags":[],"class_list":["post-764","post","type-post","status-publish","format-standard","hentry","category-allgemein","category-gruppe","category-news"],"_links":{"self":[{"href":"https:\/\/schiri-boeblingen.de\/index.php?rest_route=\/wp\/v2\/posts\/764","targetHints":{"allow":["GET"]}}],"collection":[{"href":"https:\/\/schiri-boeblingen.de\/index.php?rest_route=\/wp\/v2\/posts"}],"about":[{"href":"https:\/\/schiri-boeblingen.de\/index.php?rest_route=\/wp\/v2\/types\/post"}],"author":[{"embeddable":true,"href":"https:\/\/schiri-boeblingen.de\/index.php?rest_route=\/wp\/v2\/users\/2"}],"replies":[{"embeddable":true,"href":"https:\/\/schiri-boeblingen.de\/index.php?rest_route=%2Fwp%2Fv2%2Fcomments&post=764"}],"version-history":[{"count":2,"href":"https:\/\/schiri-boeblingen.de\/index.php?rest_route=\/wp\/v2\/posts\/764\/revisions"}],"predecessor-version":[{"id":836,"href":"https:\/\/schiri-boeblingen.de\/index.php?rest_route=\/wp\/v2\/posts\/764\/revisions\/836"}],"wp:attachment":[{"href":"https:\/\/schiri-boeblingen.de\/index.php?rest_route=%2Fwp%2Fv2%2Fmedia&parent=764"}],"wp:term":[{"taxonomy":"category","embeddable":true,"href":"https:\/\/schiri-boeblingen.de\/index.php?rest_route=%2Fwp%2Fv2%2Fcategories&post=764"},{"taxonomy":"post_tag","embeddable":true,"href":"https:\/\/schiri-boeblingen.de\/index.php?rest_route=%2Fwp%2Fv2%2Ftags&post=764"}],"curies":[{"name":"wp","href":"https:\/\/api.w.org\/{rel}","templated":true}]}}