{"id":770,"date":"2019-03-27T07:00:17","date_gmt":"2019-03-27T06:00:17","guid":{"rendered":"http:\/\/schiri-boeblingen.de\/?p=770"},"modified":"2019-06-28T10:06:00","modified_gmt":"2019-06-28T08:06:00","slug":"trauer-um-juergen-drechsel","status":"publish","type":"post","link":"https:\/\/schiri-boeblingen.de\/?p=770","title":{"rendered":"Trauer um J\u00fcrgen Drechsel"},"content":{"rendered":"<p>Die gesamte Schiedsrichtergruppe B\u00f6blingen trauert um unseren Schiedsrichter-Kollegen <strong>J\u00fcrgen Drechsel<\/strong>. Neben seiner T\u00e4tigkeit an der Pfeife war J\u00fcrgen langj\u00e4hrig im Ausschuss t\u00e4tig und engagierte sich auch neben der Schiedsrichterei f\u00fcr den Fu\u00dfball. J\u00fcrgen wurde 76 Jahre alt und starb nach kurzer und schwerer Krankheit. Die W\u00fcrdigung von J\u00fcrgen im G\u00e4ubote kann <a href=\"https:\/\/schiri-boeblingen.de\/wp-content\/uploads\/2019\/04\/2019-03-23_Juergen_Drechsel_G\u00e4ubote.pdf\" target=\"_blank\" rel=\"noopener noreferrer\">hier<\/a> abgerufen werden.<\/p>\n","protected":false},"excerpt":{"rendered":"<p>Die gesamte Schiedsrichtergruppe B\u00f6blingen trauert um unseren Schiedsrichter-Kollegen J\u00fcrgen Drechsel. Neben seiner T\u00e4tigkeit an der Pfeife war J\u00fcrgen langj\u00e4hrig im Ausschuss t\u00e4tig und engagierte sich auch neben der Schiedsrichterei f\u00fcr den Fu\u00dfball. J\u00fcrgen wurde 76 Jahre alt und starb nach &hellip; <a href=\"https:\/\/schiri-boeblingen.de\/?p=770\">Weiterlesen <span class=\"meta-nav\">&rarr;<\/span><\/a><\/p>\n","protected":false},"author":2,"featured_media":0,"comment_status":"open","ping_status":"open","sticky":false,"template":"","format":"standard","meta":{"footnotes":""},"categories":[11],"tags":[],"class_list":["post-770","post","type-post","status-publish","format-standard","hentry","category-gruppe"],"_links":{"self":[{"href":"https:\/\/schiri-boeblingen.de\/index.php?rest_route=\/wp\/v2\/posts\/770","targetHints":{"allow":["GET"]}}],"collection":[{"href":"https:\/\/schiri-boeblingen.de\/index.php?rest_route=\/wp\/v2\/posts"}],"about":[{"href":"https:\/\/schiri-boeblingen.de\/index.php?rest_route=\/wp\/v2\/types\/post"}],"author":[{"embeddable":true,"href":"https:\/\/schiri-boeblingen.de\/index.php?rest_route=\/wp\/v2\/users\/2"}],"replies":[{"embeddable":true,"href":"https:\/\/schiri-boeblingen.de\/index.php?rest_route=%2Fwp%2Fv2%2Fcomments&post=770"}],"version-history":[{"count":2,"href":"https:\/\/schiri-boeblingen.de\/index.php?rest_route=\/wp\/v2\/posts\/770\/revisions"}],"predecessor-version":[{"id":772,"href":"https:\/\/schiri-boeblingen.de\/index.php?rest_route=\/wp\/v2\/posts\/770\/revisions\/772"}],"wp:attachment":[{"href":"https:\/\/schiri-boeblingen.de\/index.php?rest_route=%2Fwp%2Fv2%2Fmedia&parent=770"}],"wp:term":[{"taxonomy":"category","embeddable":true,"href":"https:\/\/schiri-boeblingen.de\/index.php?rest_route=%2Fwp%2Fv2%2Fcategories&post=770"},{"taxonomy":"post_tag","embeddable":true,"href":"https:\/\/schiri-boeblingen.de\/index.php?rest_route=%2Fwp%2Fv2%2Ftags&post=770"}],"curies":[{"name":"wp","href":"https:\/\/api.w.org\/{rel}","templated":true}]}}