{"id":791,"date":"2019-05-10T07:08:06","date_gmt":"2019-05-10T05:08:06","guid":{"rendered":"http:\/\/schiri-boeblingen.de\/?p=791"},"modified":"2019-06-28T10:06:25","modified_gmt":"2019-06-28T08:06:25","slug":"ehrungen-von-schiedsrichtern-und-obmann-kurt-heinz-kuhbier","status":"publish","type":"post","link":"https:\/\/schiri-boeblingen.de\/?p=791","title":{"rendered":"Ehrungen von Schiedsrichtern und Obmann Kurt-Heinz Kuhbier"},"content":{"rendered":"<p>Bei der Pflichtschulung am 9. Mai 2019 wurden einige unserer Schiedsrichter geehrt. Auch an dieser Stelle nochmals allen geehrten herzlichen Dank f\u00fcr Euren Einsatz als Schiedsrichter in unserer Gruppe und unserem Verband.<\/p>\n<p>Das Highlight war sicherlich die vom Vereinsvorsitzenden Richard Armbruster vorgenommene Ehrung von <strong>Kurt-Heinz-Kuhbier f\u00fcr seine 20-j\u00e4hrige T\u00e4tigkeit als Obmann<\/strong> der Schiedsrichtergruppe B\u00f6blingen. An dieser Stelle herzlichen Dank an Kurt-Heinz f\u00fcr Deine bisher geleistete tolle Arbeit f\u00fcr die Gruppe!<\/p>\n<p>Ein Bericht zu der Ehrung von Kurt-Heinz im G\u00e4ubote kann <a href=\"https:\/\/schiri-boeblingen.de\/wp-content\/uploads\/2019\/06\/2019-05-27_Kuhbier_G\u00e4ubote.pdf\" target=\"_blank\" rel=\"noopener noreferrer\">hier<\/a> nachgelesen werden.<\/p>\n\n\t\t<style type=\"text\/css\">\n\t\t\t#gallery-1 {\n\t\t\t\tmargin: auto;\n\t\t\t}\n\t\t\t#gallery-1 .gallery-item {\n\t\t\t\tfloat: left;\n\t\t\t\tmargin-top: 10px;\n\t\t\t\ttext-align: center;\n\t\t\t\twidth: 50%;\n\t\t\t}\n\t\t\t#gallery-1 img {\n\t\t\t\tborder: 2px solid #cfcfcf;\n\t\t\t}\n\t\t\t#gallery-1 .gallery-caption {\n\t\t\t\tmargin-left: 0;\n\t\t\t}\n\t\t\t\/* see gallery_shortcode() in wp-includes\/media.php *\/\n\t\t<\/style>\n\t\t<div id='gallery-1' class='gallery galleryid-791 gallery-columns-2 gallery-size-medium'><dl class='gallery-item'>\n\t\t\t<dt class='gallery-icon landscape'>\n\t\t\t\t<a href='https:\/\/schiri-boeblingen.de\/wp-content\/uploads\/2019\/05\/2019-05-09_Ehrungen1.jpeg'><img loading=\"lazy\" decoding=\"async\" width=\"300\" height=\"225\" src=\"https:\/\/schiri-boeblingen.de\/wp-content\/uploads\/2019\/05\/2019-05-09_Ehrungen1-300x225.jpeg\" class=\"attachment-medium size-medium\" alt=\"\" aria-describedby=\"gallery-1-788\" srcset=\"https:\/\/schiri-boeblingen.de\/wp-content\/uploads\/2019\/05\/2019-05-09_Ehrungen1-300x225.jpeg 300w, https:\/\/schiri-boeblingen.de\/wp-content\/uploads\/2019\/05\/2019-05-09_Ehrungen1-768x576.jpeg 768w, https:\/\/schiri-boeblingen.de\/wp-content\/uploads\/2019\/05\/2019-05-09_Ehrungen1-1024x768.jpeg 1024w, https:\/\/schiri-boeblingen.de\/wp-content\/uploads\/2019\/05\/2019-05-09_Ehrungen1-400x300.jpeg 400w, https:\/\/schiri-boeblingen.de\/wp-content\/uploads\/2019\/05\/2019-05-09_Ehrungen1.jpeg 1280w\" sizes=\"auto, (max-width: 300px) 100vw, 300px\" \/><\/a>\n\t\t\t<\/dt>\n\t\t\t\t<dd class='wp-caption-text gallery-caption' id='gallery-1-788'>\n\t\t\t\tKurt-Heinz Kuhbier, Lea Furac, Ioannis Kirizoglou, Vasileios Aslanidis, Achim W\u00f6hr, Reiner Renz, Shukri Bunjaku, Manuel Bayha\n\t\t\t\t<\/dd><\/dl><dl class='gallery-item'>\n\t\t\t<dt class='gallery-icon landscape'>\n\t\t\t\t<a href='https:\/\/schiri-boeblingen.de\/wp-content\/uploads\/2019\/05\/2019-05-09_Ehrungen2.jpeg'><img loading=\"lazy\" decoding=\"async\" width=\"300\" height=\"225\" src=\"https:\/\/schiri-boeblingen.de\/wp-content\/uploads\/2019\/05\/2019-05-09_Ehrungen2-300x225.jpeg\" class=\"attachment-medium size-medium\" alt=\"\" aria-describedby=\"gallery-1-789\" srcset=\"https:\/\/schiri-boeblingen.de\/wp-content\/uploads\/2019\/05\/2019-05-09_Ehrungen2-300x225.jpeg 300w, https:\/\/schiri-boeblingen.de\/wp-content\/uploads\/2019\/05\/2019-05-09_Ehrungen2-768x576.jpeg 768w, https:\/\/schiri-boeblingen.de\/wp-content\/uploads\/2019\/05\/2019-05-09_Ehrungen2-1024x768.jpeg 1024w, https:\/\/schiri-boeblingen.de\/wp-content\/uploads\/2019\/05\/2019-05-09_Ehrungen2-400x300.jpeg 400w, https:\/\/schiri-boeblingen.de\/wp-content\/uploads\/2019\/05\/2019-05-09_Ehrungen2.jpeg 1280w\" sizes=\"auto, (max-width: 300px) 100vw, 300px\" \/><\/a>\n\t\t\t<\/dt>\n\t\t\t\t<dd class='wp-caption-text gallery-caption' id='gallery-1-789'>\n\t\t\t\tBenjamin Kern, Vasileios Aslanidis, Rexhep Potoku, Helmut Inci, Kurt-Heinz Kuhbier\n\t\t\t\t<\/dd><\/dl><br style=\"clear: both\" \/><dl class='gallery-item'>\n\t\t\t<dt class='gallery-icon landscape'>\n\t\t\t\t<a href='https:\/\/schiri-boeblingen.de\/wp-content\/uploads\/2019\/05\/2019-05-09_Ehrungen3.jpeg'><img loading=\"lazy\" decoding=\"async\" width=\"300\" height=\"225\" src=\"https:\/\/schiri-boeblingen.de\/wp-content\/uploads\/2019\/05\/2019-05-09_Ehrungen3-300x225.jpeg\" class=\"attachment-medium size-medium\" alt=\"\" aria-describedby=\"gallery-1-790\" srcset=\"https:\/\/schiri-boeblingen.de\/wp-content\/uploads\/2019\/05\/2019-05-09_Ehrungen3-300x225.jpeg 300w, https:\/\/schiri-boeblingen.de\/wp-content\/uploads\/2019\/05\/2019-05-09_Ehrungen3-768x576.jpeg 768w, https:\/\/schiri-boeblingen.de\/wp-content\/uploads\/2019\/05\/2019-05-09_Ehrungen3-1024x768.jpeg 1024w, https:\/\/schiri-boeblingen.de\/wp-content\/uploads\/2019\/05\/2019-05-09_Ehrungen3-400x300.jpeg 400w, https:\/\/schiri-boeblingen.de\/wp-content\/uploads\/2019\/05\/2019-05-09_Ehrungen3.jpeg 1280w\" sizes=\"auto, (max-width: 300px) 100vw, 300px\" \/><\/a>\n\t\t\t<\/dt>\n\t\t\t\t<dd class='wp-caption-text gallery-caption' id='gallery-1-790'>\n\t\t\t\tKurt-Heinz Kuhbier, Ivica Ban, Mladen Kvesic, Vasileios Aslanidis, Richard Armbruster (BZV), Reiner Renz, J\u00fcrgen Prchal\n\t\t\t\t<\/dd><\/dl><dl class='gallery-item'>\n\t\t\t<dt class='gallery-icon portrait'>\n\t\t\t\t<a href='https:\/\/schiri-boeblingen.de\/wp-content\/uploads\/2019\/05\/2019-05-09_Ehrungen4.jpg'><img loading=\"lazy\" decoding=\"async\" width=\"225\" height=\"300\" src=\"https:\/\/schiri-boeblingen.de\/wp-content\/uploads\/2019\/05\/2019-05-09_Ehrungen4-225x300.jpg\" class=\"attachment-medium size-medium\" alt=\"\" aria-describedby=\"gallery-1-793\" srcset=\"https:\/\/schiri-boeblingen.de\/wp-content\/uploads\/2019\/05\/2019-05-09_Ehrungen4-225x300.jpg 225w, https:\/\/schiri-boeblingen.de\/wp-content\/uploads\/2019\/05\/2019-05-09_Ehrungen4-768x1024.jpg 768w, https:\/\/schiri-boeblingen.de\/wp-content\/uploads\/2019\/05\/2019-05-09_Ehrungen4.jpg 960w\" sizes=\"auto, (max-width: 225px) 100vw, 225px\" \/><\/a>\n\t\t\t<\/dt>\n\t\t\t\t<dd class='wp-caption-text gallery-caption' id='gallery-1-793'>\n\t\t\t\tKurt-Heinz Kuhbier, Richard Armbruster (BZV)\n\t\t\t\t<\/dd><\/dl><br style=\"clear: both\" \/>\n\t\t<\/div>\n\n","protected":false},"excerpt":{"rendered":"<p>Bei der Pflichtschulung am 9. Mai 2019 wurden einige unserer Schiedsrichter geehrt. Auch an dieser Stelle nochmals allen geehrten herzlichen Dank f\u00fcr Euren Einsatz als Schiedsrichter in unserer Gruppe und unserem Verband. Das Highlight war sicherlich die vom Vereinsvorsitzenden Richard &hellip; <a href=\"https:\/\/schiri-boeblingen.de\/?p=791\">Weiterlesen <span class=\"meta-nav\">&rarr;<\/span><\/a><\/p>\n","protected":false},"author":2,"featured_media":0,"comment_status":"open","ping_status":"open","sticky":false,"template":"","format":"standard","meta":{"footnotes":""},"categories":[1,11],"tags":[],"class_list":["post-791","post","type-post","status-publish","format-standard","hentry","category-allgemein","category-gruppe"],"_links":{"self":[{"href":"https:\/\/schiri-boeblingen.de\/index.php?rest_route=\/wp\/v2\/posts\/791","targetHints":{"allow":["GET"]}}],"collection":[{"href":"https:\/\/schiri-boeblingen.de\/index.php?rest_route=\/wp\/v2\/posts"}],"about":[{"href":"https:\/\/schiri-boeblingen.de\/index.php?rest_route=\/wp\/v2\/types\/post"}],"author":[{"embeddable":true,"href":"https:\/\/schiri-boeblingen.de\/index.php?rest_route=\/wp\/v2\/users\/2"}],"replies":[{"embeddable":true,"href":"https:\/\/schiri-boeblingen.de\/index.php?rest_route=%2Fwp%2Fv2%2Fcomments&post=791"}],"version-history":[{"count":6,"href":"https:\/\/schiri-boeblingen.de\/index.php?rest_route=\/wp\/v2\/posts\/791\/revisions"}],"predecessor-version":[{"id":834,"href":"https:\/\/schiri-boeblingen.de\/index.php?rest_route=\/wp\/v2\/posts\/791\/revisions\/834"}],"wp:attachment":[{"href":"https:\/\/schiri-boeblingen.de\/index.php?rest_route=%2Fwp%2Fv2%2Fmedia&parent=791"}],"wp:term":[{"taxonomy":"category","embeddable":true,"href":"https:\/\/schiri-boeblingen.de\/index.php?rest_route=%2Fwp%2Fv2%2Fcategories&post=791"},{"taxonomy":"post_tag","embeddable":true,"href":"https:\/\/schiri-boeblingen.de\/index.php?rest_route=%2Fwp%2Fv2%2Ftags&post=791"}],"curies":[{"name":"wp","href":"https:\/\/api.w.org\/{rel}","templated":true}]}}