{"id":806,"date":"2019-05-26T16:58:05","date_gmt":"2019-05-26T14:58:05","guid":{"rendered":"http:\/\/schiri-boeblingen.de\/?p=806"},"modified":"2019-06-28T10:06:37","modified_gmt":"2019-06-28T08:06:37","slug":"manuel-duerr-verabschiedet-sich-mit-wfv-pokalfinale","status":"publish","type":"post","link":"https:\/\/schiri-boeblingen.de\/?p=806","title":{"rendered":"Manuel D\u00fcrr verabschiedet sich mit WFV-Pokalfinale"},"content":{"rendered":"<p>Manuel D\u00fcrr hat nach seiner letzten Saison als Oberliga-Schiedsrichter das WFV-Pokalfinale der Herren pfeifen d\u00fcrfen. Zu diesem Anlass hat der G\u00e4ubote einen Bericht \u00fcber Manuel herausgebracht, der <a href=\"https:\/\/schiri-boeblingen.de\/wp-content\/uploads\/2019\/06\/2019-05-24_Manuel_D\u00fcrr_G\u00e4ubote.pdf\" target=\"_blank\" rel=\"noopener noreferrer\">hier<\/a> nachzulesen ist.<\/p>\n<p>Die Leistung von Manuel im Pokalfinale kann in Zahlen <a href=\"http:\/\/www.fussball.de\/spiel\/tsv-essingen-ssv-ulm-1846-fussball\/-\/spiel\/026UC5L6T8000000VS5489B3VVES08T1#!\/\" target=\"_blank\" rel=\"noopener noreferrer\">hier<\/a> nachgelesen werden. Die Gruppe B\u00f6blingen begl\u00fcckwunscht Manuel zu seinen Leistungen in den zur\u00fcckliegenden Jahren &#8211; nicht nur im Pokalfinale, sondern auch zu seiner Zeit als Schiedsrichter im Leistungskader!<\/p>\n","protected":false},"excerpt":{"rendered":"<p>Manuel D\u00fcrr hat nach seiner letzten Saison als Oberliga-Schiedsrichter das WFV-Pokalfinale der Herren pfeifen d\u00fcrfen. Zu diesem Anlass hat der G\u00e4ubote einen Bericht \u00fcber Manuel herausgebracht, der hier nachzulesen ist. Die Leistung von Manuel im Pokalfinale kann in Zahlen hier &hellip; <a href=\"https:\/\/schiri-boeblingen.de\/?p=806\">Weiterlesen <span class=\"meta-nav\">&rarr;<\/span><\/a><\/p>\n","protected":false},"author":2,"featured_media":0,"comment_status":"open","ping_status":"open","sticky":false,"template":"","format":"standard","meta":{"footnotes":""},"categories":[10,3],"tags":[],"class_list":["post-806","post","type-post","status-publish","format-standard","hentry","category-leistungskader","category-news"],"_links":{"self":[{"href":"https:\/\/schiri-boeblingen.de\/index.php?rest_route=\/wp\/v2\/posts\/806","targetHints":{"allow":["GET"]}}],"collection":[{"href":"https:\/\/schiri-boeblingen.de\/index.php?rest_route=\/wp\/v2\/posts"}],"about":[{"href":"https:\/\/schiri-boeblingen.de\/index.php?rest_route=\/wp\/v2\/types\/post"}],"author":[{"embeddable":true,"href":"https:\/\/schiri-boeblingen.de\/index.php?rest_route=\/wp\/v2\/users\/2"}],"replies":[{"embeddable":true,"href":"https:\/\/schiri-boeblingen.de\/index.php?rest_route=%2Fwp%2Fv2%2Fcomments&post=806"}],"version-history":[{"count":1,"href":"https:\/\/schiri-boeblingen.de\/index.php?rest_route=\/wp\/v2\/posts\/806\/revisions"}],"predecessor-version":[{"id":807,"href":"https:\/\/schiri-boeblingen.de\/index.php?rest_route=\/wp\/v2\/posts\/806\/revisions\/807"}],"wp:attachment":[{"href":"https:\/\/schiri-boeblingen.de\/index.php?rest_route=%2Fwp%2Fv2%2Fmedia&parent=806"}],"wp:term":[{"taxonomy":"category","embeddable":true,"href":"https:\/\/schiri-boeblingen.de\/index.php?rest_route=%2Fwp%2Fv2%2Fcategories&post=806"},{"taxonomy":"post_tag","embeddable":true,"href":"https:\/\/schiri-boeblingen.de\/index.php?rest_route=%2Fwp%2Fv2%2Ftags&post=806"}],"curies":[{"name":"wp","href":"https:\/\/api.w.org\/{rel}","templated":true}]}}