{"id":832,"date":"2019-06-06T17:27:25","date_gmt":"2019-06-06T15:27:25","guid":{"rendered":"http:\/\/schiri-boeblingen.de\/?p=832"},"modified":"2019-06-28T14:22:11","modified_gmt":"2019-06-28T12:22:11","slug":"saisonabschluss-im-leistungskader","status":"publish","type":"post","link":"https:\/\/schiri-boeblingen.de\/?p=832","title":{"rendered":"Saisonabschluss im Leistungskader"},"content":{"rendered":"<p>Die Saison 2018\/2019 ist mit den Relegationsspielen zuende gegangen und Auf- und Abstieg stehen fest &#8211; auch f\u00fcr die Schiedsrichter der Gruppe B\u00f6blingen.<\/p>\n<p><strong>Tobias Reichel<\/strong> hat sich in der 2. Bundesliga gefestigt und ist kurz vor Ende der Saison noch zum Video-Schiedsrichter in der Bundesliga ernannt worden. Einen entsprechenden Bericht im G\u00e4ubote k\u00f6nnen Sie <a href=\"https:\/\/schiri-boeblingen.de\/wp-content\/uploads\/2019\/06\/2019-05-13_Reichel_G\u00e4ubote.pdf\" target=\"_blank\" rel=\"noopener noreferrer\">hier<\/a> nachlesen.<\/p>\n<p>In der Oberliga hat <strong>Manuel D\u00fcrr<\/strong> seine letzte Saison mit dem Highlight des WFV-Pokalfinals beendet. Eine entsprechende W\u00fcrdigung ist <a href=\"https:\/\/schiri-boeblingen.de\/?p=806\" target=\"_blank\" rel=\"noopener noreferrer\">hier<\/a> nachzulesen.<\/p>\n<p>Die Landesliga-Schiedsrichter <strong>Maximilian J\u00e4ger<\/strong>, <strong>Patrick Stephany<\/strong> und <strong>Jan Bohacek<\/strong> belegten obere bis mittlere Mittelfeldpl\u00e4tze. Leider wird uns Jan zur neuen Saison verlassen, da er studienbedingt nach Th\u00fcringen ziehen wird.<\/p>\n<p>In der Bezirksliga erreichte leider keiner unserer Schiedsrichter die vordersten Pl\u00e4tze. Allerdings konnte <strong>Talha Karaaslanoglu<\/strong> dank einer famosen R\u00fcckrunde einen pers\u00f6nlichen Platz f\u00fcr die Saison 2019\/20 ergattern.<\/p>\n","protected":false},"excerpt":{"rendered":"<p>Die Saison 2018\/2019 ist mit den Relegationsspielen zuende gegangen und Auf- und Abstieg stehen fest &#8211; auch f\u00fcr die Schiedsrichter der Gruppe B\u00f6blingen. Tobias Reichel hat sich in der 2. Bundesliga gefestigt und ist kurz vor Ende der Saison noch &hellip; <a href=\"https:\/\/schiri-boeblingen.de\/?p=832\">Weiterlesen <span class=\"meta-nav\">&rarr;<\/span><\/a><\/p>\n","protected":false},"author":2,"featured_media":0,"comment_status":"open","ping_status":"open","sticky":false,"template":"","format":"standard","meta":{"footnotes":""},"categories":[10],"tags":[],"class_list":["post-832","post","type-post","status-publish","format-standard","hentry","category-leistungskader"],"_links":{"self":[{"href":"https:\/\/schiri-boeblingen.de\/index.php?rest_route=\/wp\/v2\/posts\/832","targetHints":{"allow":["GET"]}}],"collection":[{"href":"https:\/\/schiri-boeblingen.de\/index.php?rest_route=\/wp\/v2\/posts"}],"about":[{"href":"https:\/\/schiri-boeblingen.de\/index.php?rest_route=\/wp\/v2\/types\/post"}],"author":[{"embeddable":true,"href":"https:\/\/schiri-boeblingen.de\/index.php?rest_route=\/wp\/v2\/users\/2"}],"replies":[{"embeddable":true,"href":"https:\/\/schiri-boeblingen.de\/index.php?rest_route=%2Fwp%2Fv2%2Fcomments&post=832"}],"version-history":[{"count":3,"href":"https:\/\/schiri-boeblingen.de\/index.php?rest_route=\/wp\/v2\/posts\/832\/revisions"}],"predecessor-version":[{"id":838,"href":"https:\/\/schiri-boeblingen.de\/index.php?rest_route=\/wp\/v2\/posts\/832\/revisions\/838"}],"wp:attachment":[{"href":"https:\/\/schiri-boeblingen.de\/index.php?rest_route=%2Fwp%2Fv2%2Fmedia&parent=832"}],"wp:term":[{"taxonomy":"category","embeddable":true,"href":"https:\/\/schiri-boeblingen.de\/index.php?rest_route=%2Fwp%2Fv2%2Fcategories&post=832"},{"taxonomy":"post_tag","embeddable":true,"href":"https:\/\/schiri-boeblingen.de\/index.php?rest_route=%2Fwp%2Fv2%2Ftags&post=832"}],"curies":[{"name":"wp","href":"https:\/\/api.w.org\/{rel}","templated":true}]}}